{"id":827,"date":"2019-03-01T09:00:46","date_gmt":"2019-03-01T08:00:46","guid":{"rendered":"http:\/\/www.colegiovalerianolopez.com\/?p=827"},"modified":"2019-03-01T09:00:46","modified_gmt":"2019-03-01T08:00:46","slug":"plazo-de-preinscripcion","status":"publish","type":"post","link":"https:\/\/blogsaverroes.juntadeandalucia.es\/ceipvalerianolopez\/plazo-de-preinscripcion\/","title":{"rendered":"Plazo de preinscripci\u00f3n"},"content":{"rendered":"<p>\t\t\t\tEl per\u00edodo de solicitud de matr\u00edcula para el alumnado de nuevo ingreso abarca del 1 al 29 de marzo en el propio centro o del 1 al 31 de marzo por\u00a0<a href=\"http:\/\/www.juntadeandalucia.es\/educacion\/portals\/web\/escolarizacion\/inicio\">v\u00eda telem\u00e1tica.<\/a><br \/>\nEl horario especial de secretar\u00eda, con motivo de la escolarizaci\u00f3n, ser\u00e1 del 4 al 29 de marzo, de lunes a viernes de 09:30 a 10:30.<\/p>\n<p>Al entregar el formulario de preinscripci\u00f3n tambi\u00e9n se entregar\u00e1:<\/p>\n<ul>\n<li>Fotocopia del DNI del padre y la madre o tutores legales.<\/li>\n<li>Fotocopia del libro de familia<\/li>\n<li>Certificados laborales si se opta por lugar de trabajo.<\/li>\n<\/ul>\n<p><a href=\"https:\/\/drive.google.com\/open?id=0B4EiwV7Pi3fuN1FBaVJheVZ0UV96MVphTDBrVGdZcFJXdE9n\">Os adjuntamos el enlace de la prescripci\u00f3n<\/a><\/p>\n<p style=\"text-align: center\"><iframe loading=\"lazy\" src=\"https:\/\/www.youtube.com\/embed\/HHPoC72AAmY\" width=\"560\" height=\"315\" frameborder=\"0\"><\/iframe><\/p>\n<p style=\"text-align: left\">\u00c1rea de influencia del CEIP Valeriano L\u00f3pez. Os adjuntamos una imagen sobre nuestro centro de influencia pero tambi\u00e9n pod\u00e9is verla pinchando sobre la imagen que te lleva a la <a href=\"http:\/\/educasig.ced.junta-andalucia.es\/escolarizacion\/\">p\u00e1gina de influencias<\/a> dentro de escolarizaci\u00f3n o descargando la aplicaci\u00f3n I<\/p>\n<p style=\"text-align: left\"><a href=\"http:\/\/educasig.ced.junta-andalucia.es\/escolarizacion\/\" rel=\"attachment wp-att-831\"><img loading=\"lazy\" decoding=\"async\" class=\"aligncenter wp-image-831\" src=\"https:\/\/blogsaverroes.juntadeandalucia.es\/ceipvalerianolopez\/files\/2018\/03\/mapa-300x167.png\" alt=\"\" width=\"406\" height=\"226\" srcset=\"https:\/\/blogsaverroes.juntadeandalucia.es\/ceipvalerianolopez\/files\/2018\/03\/mapa-300x167.png 300w, https:\/\/blogsaverroes.juntadeandalucia.es\/ceipvalerianolopez\/files\/2018\/03\/mapa-768x427.png 768w, https:\/\/blogsaverroes.juntadeandalucia.es\/ceipvalerianolopez\/files\/2018\/03\/mapa-1024x569.png 1024w, https:\/\/blogsaverroes.juntadeandalucia.es\/ceipvalerianolopez\/files\/2018\/03\/mapa-24x13.png 24w, https:\/\/blogsaverroes.juntadeandalucia.es\/ceipvalerianolopez\/files\/2018\/03\/mapa-36x20.png 36w, https:\/\/blogsaverroes.juntadeandalucia.es\/ceipvalerianolopez\/files\/2018\/03\/mapa-48x27.png 48w\" sizes=\"(max-width: 406px) 100vw, 406px\" \/><\/a><\/p>\n<p><a href=\"http:\/\/www.colegiovalerianolopez.com\/2018\/03\/05\/plazo-de-preinscripcion\/2018-03-06_0042-2\/\" rel=\"attachment wp-att-830\"><img loading=\"lazy\" decoding=\"async\" class=\"aligncenter wp-image-830\" src=\"https:\/\/blogsaverroes.juntadeandalucia.es\/ceipvalerianolopez\/files\/2018\/03\/2018-03-06_0042-1-300x208.png\" alt=\"\" width=\"536\" height=\"373\" srcset=\"https:\/\/blogsaverroes.juntadeandalucia.es\/ceipvalerianolopez\/files\/2018\/03\/2018-03-06_0042-1-300x208.png 300w, https:\/\/blogsaverroes.juntadeandalucia.es\/ceipvalerianolopez\/files\/2018\/03\/2018-03-06_0042-1-768x534.png 768w, https:\/\/blogsaverroes.juntadeandalucia.es\/ceipvalerianolopez\/files\/2018\/03\/2018-03-06_0042-1-1024x711.png 1024w, https:\/\/blogsaverroes.juntadeandalucia.es\/ceipvalerianolopez\/files\/2018\/03\/2018-03-06_0042-1-24x17.png 24w, https:\/\/blogsaverroes.juntadeandalucia.es\/ceipvalerianolopez\/files\/2018\/03\/2018-03-06_0042-1-36x25.png 36w, https:\/\/blogsaverroes.juntadeandalucia.es\/ceipvalerianolopez\/files\/2018\/03\/2018-03-06_0042-1-48x33.png 48w, https:\/\/blogsaverroes.juntadeandalucia.es\/ceipvalerianolopez\/files\/2018\/03\/2018-03-06_0042-1.png 2024w\" sizes=\"(max-width: 536px) 100vw, 536px\" \/><\/a><\/p>\n<p><a href=\"http:\/\/www.colegiovalerianolopez.com\/2018\/03\/05\/plazo-de-preinscripcion\/2018-03-06_00421\/\" rel=\"attachment wp-att-834\"><img loading=\"lazy\" decoding=\"async\" class=\"aligncenter wp-image-834\" src=\"https:\/\/blogsaverroes.juntadeandalucia.es\/ceipvalerianolopez\/files\/2018\/03\/2018-03-06_00421-300x275.png\" alt=\"\" width=\"496\" height=\"455\" srcset=\"https:\/\/blogsaverroes.juntadeandalucia.es\/ceipvalerianolopez\/files\/2018\/03\/2018-03-06_00421-300x275.png 300w, https:\/\/blogsaverroes.juntadeandalucia.es\/ceipvalerianolopez\/files\/2018\/03\/2018-03-06_00421-768x703.png 768w, https:\/\/blogsaverroes.juntadeandalucia.es\/ceipvalerianolopez\/files\/2018\/03\/2018-03-06_00421-1024x938.png 1024w, https:\/\/blogsaverroes.juntadeandalucia.es\/ceipvalerianolopez\/files\/2018\/03\/2018-03-06_00421-24x22.png 24w, https:\/\/blogsaverroes.juntadeandalucia.es\/ceipvalerianolopez\/files\/2018\/03\/2018-03-06_00421-36x33.png 36w, https:\/\/blogsaverroes.juntadeandalucia.es\/ceipvalerianolopez\/files\/2018\/03\/2018-03-06_00421-48x44.png 48w, https:\/\/blogsaverroes.juntadeandalucia.es\/ceipvalerianolopez\/files\/2018\/03\/2018-03-06_00421.png 1330w\" sizes=\"(max-width: 496px) 100vw, 496px\" \/><\/a><\/p>\n<p><a href=\"http:\/\/www.colegiovalerianolopez.com\/2018\/03\/05\/plazo-de-preinscripcion\/2018-03-06_0043\/\" rel=\"attachment wp-att-833\"><img loading=\"lazy\" decoding=\"async\" class=\"aligncenter wp-image-833\" src=\"https:\/\/blogsaverroes.juntadeandalucia.es\/ceipvalerianolopez\/files\/2018\/03\/2018-03-06_0043-300x171.png\" alt=\"\" width=\"550\" height=\"314\" srcset=\"https:\/\/blogsaverroes.juntadeandalucia.es\/ceipvalerianolopez\/files\/2018\/03\/2018-03-06_0043-300x171.png 300w, https:\/\/blogsaverroes.juntadeandalucia.es\/ceipvalerianolopez\/files\/2018\/03\/2018-03-06_0043-768x439.png 768w, https:\/\/blogsaverroes.juntadeandalucia.es\/ceipvalerianolopez\/files\/2018\/03\/2018-03-06_0043-1024x585.png 1024w, https:\/\/blogsaverroes.juntadeandalucia.es\/ceipvalerianolopez\/files\/2018\/03\/2018-03-06_0043-832x475.png 832w, https:\/\/blogsaverroes.juntadeandalucia.es\/ceipvalerianolopez\/files\/2018\/03\/2018-03-06_0043-24x14.png 24w, https:\/\/blogsaverroes.juntadeandalucia.es\/ceipvalerianolopez\/files\/2018\/03\/2018-03-06_0043-36x21.png 36w, https:\/\/blogsaverroes.juntadeandalucia.es\/ceipvalerianolopez\/files\/2018\/03\/2018-03-06_0043-48x27.png 48w, https:\/\/blogsaverroes.juntadeandalucia.es\/ceipvalerianolopez\/files\/2018\/03\/2018-03-06_0043.png 1310w\" sizes=\"(max-width: 550px) 100vw, 550px\" \/><\/a><\/p>\n<p><a href=\"http:\/\/www.colegiovalerianolopez.com\/2018\/03\/05\/plazo-de-preinscripcion\/2018-03-06_1121\/\" rel=\"attachment wp-att-835\"><img loading=\"lazy\" decoding=\"async\" class=\"size-medium wp-image-835 alignleft\" src=\"https:\/\/blogsaverroes.juntadeandalucia.es\/ceipvalerianolopez\/files\/2018\/03\/2018-03-06_1121-300x244.png\" alt=\"\" width=\"300\" height=\"244\" srcset=\"https:\/\/blogsaverroes.juntadeandalucia.es\/ceipvalerianolopez\/files\/2018\/03\/2018-03-06_1121-300x244.png 300w, https:\/\/blogsaverroes.juntadeandalucia.es\/ceipvalerianolopez\/files\/2018\/03\/2018-03-06_1121-24x20.png 24w, https:\/\/blogsaverroes.juntadeandalucia.es\/ceipvalerianolopez\/files\/2018\/03\/2018-03-06_1121-36x29.png 36w, https:\/\/blogsaverroes.juntadeandalucia.es\/ceipvalerianolopez\/files\/2018\/03\/2018-03-06_1121-48x39.png 48w, https:\/\/blogsaverroes.juntadeandalucia.es\/ceipvalerianolopez\/files\/2018\/03\/2018-03-06_1121.png 566w\" sizes=\"(max-width: 300px) 100vw, 300px\" \/><\/a><\/p>\n<div><\/div>\n<div><\/div>\n<div><\/div>\n<div><a title=\"Descarga la aplicaci\u00f3n desde la Play Store de Google\" href=\"https:\/\/play.google.com\/store\/apps\/details?id=es.juntadeandalucia.ced.escolarizacion&amp;hl=es\">Descarga la aplicaci\u00f3n desde la Play Store de Google<\/a><\/div>\n<div><a title=\"Descarga la aplicaci\u00f3n desde la App Store de Apple\" href=\"https:\/\/itunes.apple.com\/es\/app\/iescolariza\/id606516551?mt=8\">Descarga la aplicaci\u00f3n desde la App Store de Apple<\/a><\/div>\n<div class=\"clear\"><\/div>\n<div><\/div>\n<div><\/div>\n<div><\/div>\n<div><\/div>\n<div><\/div>\n<div><\/div>\n<div><\/div>\n<div>Calendario del Procedimiento de Admisi\u00f3n del Alumnado en las Ense\u00f1anzas de Segundo Ciclo de Educaci\u00f3n Infantil,\u00a0 Educaci\u00f3n Primaria, Educaci\u00f3n Especial, Educaci\u00f3n Secundaria y Bachillerato, para el curso 2019\/20<\/div>\n<div><a href=\"http:\/\/www.colegiovalerianolopez.com\/2018\/03\/05\/plazo-de-preinscripcion\/2018-03-06_00431\/\" rel=\"attachment wp-att-836\"><br \/>\n<img loading=\"lazy\" decoding=\"async\" class=\"aligncenter  wp-image-836\" src=\"https:\/\/blogsaverroes.juntadeandalucia.es\/ceipvalerianolopez\/files\/2018\/03\/2018-03-06_00431-292x300.png\" alt=\"\" width=\"492\" height=\"505\" srcset=\"https:\/\/blogsaverroes.juntadeandalucia.es\/ceipvalerianolopez\/files\/2018\/03\/2018-03-06_00431-292x300.png 292w, https:\/\/blogsaverroes.juntadeandalucia.es\/ceipvalerianolopez\/files\/2018\/03\/2018-03-06_00431-768x788.png 768w, https:\/\/blogsaverroes.juntadeandalucia.es\/ceipvalerianolopez\/files\/2018\/03\/2018-03-06_00431-998x1024.png 998w, https:\/\/blogsaverroes.juntadeandalucia.es\/ceipvalerianolopez\/files\/2018\/03\/2018-03-06_00431-24x24.png 24w, https:\/\/blogsaverroes.juntadeandalucia.es\/ceipvalerianolopez\/files\/2018\/03\/2018-03-06_00431-36x36.png 36w, https:\/\/blogsaverroes.juntadeandalucia.es\/ceipvalerianolopez\/files\/2018\/03\/2018-03-06_00431-48x48.png 48w, https:\/\/blogsaverroes.juntadeandalucia.es\/ceipvalerianolopez\/files\/2018\/03\/2018-03-06_00431.png 1374w\" sizes=\"(max-width: 492px) 100vw, 492px\" \/><\/a><\/div>\n<div><\/div>\n<div>Las plazas para el curso 19\/20 en nuestro centro son:<\/div>\n<div><img loading=\"lazy\" decoding=\"async\" class=\"alignnone size-medium wp-image-916\" src=\"https:\/\/blogsaverroes.juntadeandalucia.es\/ceipvalerianolopez\/files\/2018\/03\/Plazas-vacantes-19-20-1-300x171.jpg\" alt=\"\" width=\"300\" height=\"171\" srcset=\"https:\/\/blogsaverroes.juntadeandalucia.es\/ceipvalerianolopez\/files\/2018\/03\/Plazas-vacantes-19-20-1-300x171.jpg 300w, https:\/\/blogsaverroes.juntadeandalucia.es\/ceipvalerianolopez\/files\/2018\/03\/Plazas-vacantes-19-20-1-24x14.jpg 24w, https:\/\/blogsaverroes.juntadeandalucia.es\/ceipvalerianolopez\/files\/2018\/03\/Plazas-vacantes-19-20-1-36x20.jpg 36w, https:\/\/blogsaverroes.juntadeandalucia.es\/ceipvalerianolopez\/files\/2018\/03\/Plazas-vacantes-19-20-1-48x27.jpg 48w, https:\/\/blogsaverroes.juntadeandalucia.es\/ceipvalerianolopez\/files\/2018\/03\/Plazas-vacantes-19-20-1.jpg 610w\" sizes=\"(max-width: 300px) 100vw, 300px\" \/><\/div>\n<div>Servicios ofertados para el curso 19\/20<\/div>\n<div><\/div>\n<ul>\n<li>Aula matinal<\/li>\n<li>Transporte escolar<\/li>\n<li>Comedor escolar<\/li>\n<li>Actividades extraescolares<\/li>\n<\/ul>\n<div><\/div>\n<div><\/div>\n","protected":false},"excerpt":{"rendered":"<p>El per\u00edodo de solicitud de matr\u00edcula para el alumnado de nuevo ingreso abarca del 1 al 29 de marzo en el propio centro o del&hellip;<\/p>\n","protected":false},"author":8377,"featured_media":0,"comment_status":"open","ping_status":"open","sticky":false,"template":"","format":"standard","meta":{"ngg_post_thumbnail":0,"footnotes":""},"categories":[19,4441],"tags":[26636,1852,303,4441,10954,10955],"aioseo_notices":[],"_links":{"self":[{"href":"https:\/\/blogsaverroes.juntadeandalucia.es\/ceipvalerianolopez\/wp-json\/wp\/v2\/posts\/827"}],"collection":[{"href":"https:\/\/blogsaverroes.juntadeandalucia.es\/ceipvalerianolopez\/wp-json\/wp\/v2\/posts"}],"about":[{"href":"https:\/\/blogsaverroes.juntadeandalucia.es\/ceipvalerianolopez\/wp-json\/wp\/v2\/types\/post"}],"author":[{"embeddable":true,"href":"https:\/\/blogsaverroes.juntadeandalucia.es\/ceipvalerianolopez\/wp-json\/wp\/v2\/users\/8377"}],"replies":[{"embeddable":true,"href":"https:\/\/blogsaverroes.juntadeandalucia.es\/ceipvalerianolopez\/wp-json\/wp\/v2\/comments?post=827"}],"version-history":[{"count":0,"href":"https:\/\/blogsaverroes.juntadeandalucia.es\/ceipvalerianolopez\/wp-json\/wp\/v2\/posts\/827\/revisions"}],"wp:attachment":[{"href":"https:\/\/blogsaverroes.juntadeandalucia.es\/ceipvalerianolopez\/wp-json\/wp\/v2\/media?parent=827"}],"wp:term":[{"taxonomy":"category","embeddable":true,"href":"https:\/\/blogsaverroes.juntadeandalucia.es\/ceipvalerianolopez\/wp-json\/wp\/v2\/categories?post=827"},{"taxonomy":"post_tag","embeddable":true,"href":"https:\/\/blogsaverroes.juntadeandalucia.es\/ceipvalerianolopez\/wp-json\/wp\/v2\/tags?post=827"}],"curies":[{"name":"wp","href":"https:\/\/api.w.org\/{rel}","templated":true}]}}