{"id":885,"date":"2018-09-13T08:22:18","date_gmt":"2018-09-13T07:22:18","guid":{"rendered":"http:\/\/www.colegiovalerianolopez.com\/?p=885"},"modified":"2018-09-13T08:22:18","modified_gmt":"2018-09-13T07:22:18","slug":"reuniones-de-presentacion","status":"publish","type":"post","link":"https:\/\/blogsaverroes.juntadeandalucia.es\/ceipvalerianolopez\/reuniones-de-presentacion\/","title":{"rendered":"Reuniones de Presentaci\u00f3n"},"content":{"rendered":"<p>\t\t\t\tNuestro alumnado ya tuvo la reuni\u00f3n de presentaci\u00f3n con su tutora el pasado 7 de septiembre a las 10:00.<\/p>\n<p>Ahora tocar\u00e1 el turno al resto de familias que se presentar\u00e1n a los diferentes tutores el pr\u00f3ximo 17 de septiembre en las aulas de cada grupo con el siguiente horario:<\/p>\n<p>&#8211; Educaci\u00f3n infantil y Especial a las 16:00 horas.<br \/>\n&#8211; 1\u00ba ciclo de primaria (1\u00ba y 2\u00ba) a las 16:30 horas.<br \/>\n&#8211; 2\u00ba ciclo de primaria (3\u00bay 4\u00ba) a las 17:00 horas.<br \/>\n&#8211; 3\u00ba ciclo de primaria (5\u00ba y 6\u00ba) a las 17:30 horas.<\/p>\n<div class=\"text_exposed_show\">\n<p>Esta nota se ha enviado por IPASEN, compartido en nuestro ClassDojo y en nuestras redes. Si no lo has recibido la jefa de estudio atender\u00e1 las diferentes incidencias y dudas en el despacho de jefatura de estudios durante el horario de las reuniones.<\/p>\n<p>Gracias!<\/p>\n<\/div>\n","protected":false},"excerpt":{"rendered":"<p>Nuestro alumnado ya tuvo la reuni\u00f3n de presentaci\u00f3n con su tutora el pasado 7 de septiembre a las 10:00. Ahora tocar\u00e1 el turno al resto&hellip;<\/p>\n","protected":false},"author":8377,"featured_media":0,"comment_status":"open","ping_status":"open","sticky":false,"template":"","format":"standard","meta":{"ngg_post_thumbnail":0,"footnotes":""},"categories":[28,19,4441],"tags":[26636,1852,303,10954,10955],"aioseo_notices":[],"_links":{"self":[{"href":"https:\/\/blogsaverroes.juntadeandalucia.es\/ceipvalerianolopez\/wp-json\/wp\/v2\/posts\/885"}],"collection":[{"href":"https:\/\/blogsaverroes.juntadeandalucia.es\/ceipvalerianolopez\/wp-json\/wp\/v2\/posts"}],"about":[{"href":"https:\/\/blogsaverroes.juntadeandalucia.es\/ceipvalerianolopez\/wp-json\/wp\/v2\/types\/post"}],"author":[{"embeddable":true,"href":"https:\/\/blogsaverroes.juntadeandalucia.es\/ceipvalerianolopez\/wp-json\/wp\/v2\/users\/8377"}],"replies":[{"embeddable":true,"href":"https:\/\/blogsaverroes.juntadeandalucia.es\/ceipvalerianolopez\/wp-json\/wp\/v2\/comments?post=885"}],"version-history":[{"count":0,"href":"https:\/\/blogsaverroes.juntadeandalucia.es\/ceipvalerianolopez\/wp-json\/wp\/v2\/posts\/885\/revisions"}],"wp:attachment":[{"href":"https:\/\/blogsaverroes.juntadeandalucia.es\/ceipvalerianolopez\/wp-json\/wp\/v2\/media?parent=885"}],"wp:term":[{"taxonomy":"category","embeddable":true,"href":"https:\/\/blogsaverroes.juntadeandalucia.es\/ceipvalerianolopez\/wp-json\/wp\/v2\/categories?post=885"},{"taxonomy":"post_tag","embeddable":true,"href":"https:\/\/blogsaverroes.juntadeandalucia.es\/ceipvalerianolopez\/wp-json\/wp\/v2\/tags?post=885"}],"curies":[{"name":"wp","href":"https:\/\/api.w.org\/{rel}","templated":true}]}}