{"id":746,"date":"2019-06-03T15:36:17","date_gmt":"2019-06-03T15:36:17","guid":{"rendered":"https:\/\/blogsaverroes.juntadeandalucia.es\/ceipvalverdeyperales\/?p=746"},"modified":"2019-06-03T15:36:17","modified_gmt":"2019-06-03T15:36:17","slug":"nos-vamos-de-concierto","status":"publish","type":"post","link":"https:\/\/blogsaverroes.juntadeandalucia.es\/ceipvalverdeyperales\/2019\/06\/03\/nos-vamos-de-concierto\/","title":{"rendered":"\u00a1Nos vamos de concierto!"},"content":{"rendered":"<p>Hoy nuestros alumnos han disfrutado de un divertido y did\u00e1ctico concierto con KILEMA. Hemos descubierto nuevos sonidos y culturas a trav\u00e9s de la m\u00fasica as\u00ed como el uso de materiales reciclados para crear melod\u00edas. \u00a1Ha sido una experiencia fant\u00e1stica!<\/p>\n","protected":false},"excerpt":{"rendered":"<p>Hoy nuestros alumnos han disfrutado de un divertido y did\u00e1ctico concierto con KILEMA. Hemos descubierto nuevos sonidos y culturas a trav\u00e9s de la m\u00fasica as\u00ed como el uso de materiales reciclados para crear melod\u00edas. \u00a1Ha sido una experiencia fant\u00e1stica!<\/p>\n","protected":false},"author":7147,"featured_media":747,"comment_status":"open","ping_status":"open","sticky":false,"template":"","format":"standard","meta":{"ngg_post_thumbnail":0,"footnotes":""},"categories":[11909],"tags":[],"aioseo_notices":[],"_links":{"self":[{"href":"https:\/\/blogsaverroes.juntadeandalucia.es\/ceipvalverdeyperales\/wp-json\/wp\/v2\/posts\/746"}],"collection":[{"href":"https:\/\/blogsaverroes.juntadeandalucia.es\/ceipvalverdeyperales\/wp-json\/wp\/v2\/posts"}],"about":[{"href":"https:\/\/blogsaverroes.juntadeandalucia.es\/ceipvalverdeyperales\/wp-json\/wp\/v2\/types\/post"}],"author":[{"embeddable":true,"href":"https:\/\/blogsaverroes.juntadeandalucia.es\/ceipvalverdeyperales\/wp-json\/wp\/v2\/users\/7147"}],"replies":[{"embeddable":true,"href":"https:\/\/blogsaverroes.juntadeandalucia.es\/ceipvalverdeyperales\/wp-json\/wp\/v2\/comments?post=746"}],"version-history":[{"count":1,"href":"https:\/\/blogsaverroes.juntadeandalucia.es\/ceipvalverdeyperales\/wp-json\/wp\/v2\/posts\/746\/revisions"}],"predecessor-version":[{"id":748,"href":"https:\/\/blogsaverroes.juntadeandalucia.es\/ceipvalverdeyperales\/wp-json\/wp\/v2\/posts\/746\/revisions\/748"}],"wp:featuredmedia":[{"embeddable":true,"href":"https:\/\/blogsaverroes.juntadeandalucia.es\/ceipvalverdeyperales\/wp-json\/wp\/v2\/media\/747"}],"wp:attachment":[{"href":"https:\/\/blogsaverroes.juntadeandalucia.es\/ceipvalverdeyperales\/wp-json\/wp\/v2\/media?parent=746"}],"wp:term":[{"taxonomy":"category","embeddable":true,"href":"https:\/\/blogsaverroes.juntadeandalucia.es\/ceipvalverdeyperales\/wp-json\/wp\/v2\/categories?post=746"},{"taxonomy":"post_tag","embeddable":true,"href":"https:\/\/blogsaverroes.juntadeandalucia.es\/ceipvalverdeyperales\/wp-json\/wp\/v2\/tags?post=746"}],"curies":[{"name":"wp","href":"https:\/\/api.w.org\/{rel}","templated":true}]}}