{"id":2432,"date":"2023-05-22T21:08:43","date_gmt":"2023-05-22T19:08:43","guid":{"rendered":"https:\/\/blogsaverroes.juntadeandalucia.es\/ceipvaraderey\/?p=2432"},"modified":"2023-06-05T11:38:19","modified_gmt":"2023-06-05T09:38:19","slug":"participacion-carrera-de-imd","status":"publish","type":"post","link":"https:\/\/blogsaverroes.juntadeandalucia.es\/ceipvaraderey\/participacion-carrera-de-imd\/","title":{"rendered":"PARTICIPACI\u00d3N CARRERA DE IMD"},"content":{"rendered":"<p><strong><span style=\"font-size: 14pt\">En este curso escolar desde el \u00e1rea de E.F., se han impulsado las carreras del IDM, que hac\u00eda a\u00f1os que no se participaban. Estas carreras se ponen en auge para estimular h\u00e1bitos de vida saludable a los escolares, algo que es imprescindible para un desarrollo sana de nuestros hij@s.<\/span><\/strong><\/p>\n<p><strong><span style=\"font-size: 14pt\">Este domingo 21 de mayo, el CEIP VARA DE REY por 2\u00aa vez ha recibido el premio a la mayor participaci\u00f3n EDUCATIVA de toda Sevilla. Damos las gracias a toda la comunidad escolar por la implicaci\u00f3n de cada una de sus partes.<\/span><\/strong><\/p>\n<p><strong><span style=\"font-size: 14pt\">&#8211; Alumnado por participar.<\/span><\/strong><\/p>\n<p><strong><span style=\"font-size: 14pt\">&#8211; Familias por implicarse cada uno de los 5 domingos del a\u00f1o que se realizan las carreras.<\/span><\/strong><strong><span style=\"font-size: 14pt\"><br \/>\n<\/span><\/strong><\/p>\n<p><strong> <span style=\"font-size: 14pt\">&#8211; Al Centro y a los maestr@s por inscribir al alumnado.<\/span><\/strong><\/p>\n<p><span style=\"font-size: 14pt\"><strong>&#8211; Al IMD por brindar esta posibilidad de saborear el deporte desde edades tempranas.<\/strong><\/span><\/p>\n<p><strong><span style=\"font-size: 14pt\">Esperemos que este sea el comienzo de un amplio abanico de trofeos que quedan por llegar.<\/span><\/strong><\/p>\n<p><a href=\"https:\/\/blogsaverroes.juntadeandalucia.es\/ceipvaraderey\/files\/2023\/05\/1684747203385.jpg\"><img loading=\"lazy\" decoding=\"async\" class=\"aligncenter size-medium wp-image-2427\" src=\"https:\/\/blogsaverroes.juntadeandalucia.es\/ceipvaraderey\/files\/2023\/05\/1684747203385-170x300.jpg\" alt=\"\" width=\"170\" height=\"300\"><\/a> <a href=\"https:\/\/blogsaverroes.juntadeandalucia.es\/ceipvaraderey\/files\/2023\/05\/1684747203351.jpg\"><img loading=\"lazy\" decoding=\"async\" class=\"aligncenter size-medium wp-image-2426\" src=\"https:\/\/blogsaverroes.juntadeandalucia.es\/ceipvaraderey\/files\/2023\/05\/1684747203351-300x118.jpg\" alt=\"\" width=\"300\" height=\"118\"><\/a> <a href=\"https:\/\/blogsaverroes.juntadeandalucia.es\/ceipvaraderey\/files\/2023\/05\/1684747203303.jpg\"><img loading=\"lazy\" decoding=\"async\" class=\"aligncenter size-medium wp-image-2425\" src=\"https:\/\/blogsaverroes.juntadeandalucia.es\/ceipvaraderey\/files\/2023\/05\/1684747203303-225x300.jpg\" alt=\"\" width=\"225\" height=\"300\"><\/a> <a href=\"https:\/\/blogsaverroes.juntadeandalucia.es\/ceipvaraderey\/files\/2023\/05\/1684747203255.jpg\"><img loading=\"lazy\" decoding=\"async\" class=\"aligncenter size-medium wp-image-2424\" src=\"https:\/\/blogsaverroes.juntadeandalucia.es\/ceipvaraderey\/files\/2023\/05\/1684747203255-181x300.jpg\" alt=\"\" width=\"181\" height=\"300\"><\/a> <a href=\"https:\/\/blogsaverroes.juntadeandalucia.es\/ceipvaraderey\/files\/2023\/05\/1684747203207.jpg\"><img loading=\"lazy\" decoding=\"async\" class=\"aligncenter size-medium wp-image-2423\" src=\"https:\/\/blogsaverroes.juntadeandalucia.es\/ceipvaraderey\/files\/2023\/05\/1684747203207-225x300.jpg\" alt=\"\" width=\"225\" height=\"300\"><\/a> <a href=\"https:\/\/blogsaverroes.juntadeandalucia.es\/ceipvaraderey\/files\/2023\/05\/1684747203159.jpg\"><img loading=\"lazy\" decoding=\"async\" class=\"aligncenter size-medium wp-image-2422\" src=\"https:\/\/blogsaverroes.juntadeandalucia.es\/ceipvaraderey\/files\/2023\/05\/1684747203159-225x300.jpg\" alt=\"\" width=\"225\" height=\"300\"><\/a><\/p>\n","protected":false},"excerpt":{"rendered":"<p>En este curso escolar desde el \u00e1rea de E.F., se han impulsado las carreras del IDM, que hac\u00eda a\u00f1os que no se participaban. Estas carreras se ponen en auge para estimular h\u00e1bitos de vida saludable a los escolares, algo que es imprescindible para un desarrollo sana de nuestros hij@s. Este domingo 21 de mayo, el [&hellip;]<\/p>\n","protected":false},"author":12576,"featured_media":0,"comment_status":"closed","ping_status":"open","sticky":false,"template":"","format":"standard","meta":{"_et_pb_use_builder":"","_et_pb_old_content":"","_et_gb_content_width":"","ngg_post_thumbnail":0,"footnotes":""},"categories":[3],"tags":[],"aioseo_notices":[],"_links":{"self":[{"href":"https:\/\/blogsaverroes.juntadeandalucia.es\/ceipvaraderey\/wp-json\/wp\/v2\/posts\/2432"}],"collection":[{"href":"https:\/\/blogsaverroes.juntadeandalucia.es\/ceipvaraderey\/wp-json\/wp\/v2\/posts"}],"about":[{"href":"https:\/\/blogsaverroes.juntadeandalucia.es\/ceipvaraderey\/wp-json\/wp\/v2\/types\/post"}],"author":[{"embeddable":true,"href":"https:\/\/blogsaverroes.juntadeandalucia.es\/ceipvaraderey\/wp-json\/wp\/v2\/users\/12576"}],"replies":[{"embeddable":true,"href":"https:\/\/blogsaverroes.juntadeandalucia.es\/ceipvaraderey\/wp-json\/wp\/v2\/comments?post=2432"}],"version-history":[{"count":4,"href":"https:\/\/blogsaverroes.juntadeandalucia.es\/ceipvaraderey\/wp-json\/wp\/v2\/posts\/2432\/revisions"}],"predecessor-version":[{"id":2437,"href":"https:\/\/blogsaverroes.juntadeandalucia.es\/ceipvaraderey\/wp-json\/wp\/v2\/posts\/2432\/revisions\/2437"}],"wp:attachment":[{"href":"https:\/\/blogsaverroes.juntadeandalucia.es\/ceipvaraderey\/wp-json\/wp\/v2\/media?parent=2432"}],"wp:term":[{"taxonomy":"category","embeddable":true,"href":"https:\/\/blogsaverroes.juntadeandalucia.es\/ceipvaraderey\/wp-json\/wp\/v2\/categories?post=2432"},{"taxonomy":"post_tag","embeddable":true,"href":"https:\/\/blogsaverroes.juntadeandalucia.es\/ceipvaraderey\/wp-json\/wp\/v2\/tags?post=2432"}],"curies":[{"name":"wp","href":"https:\/\/api.w.org\/{rel}","templated":true}]}}