{"id":2466,"date":"2023-06-06T20:33:02","date_gmt":"2023-06-06T18:33:02","guid":{"rendered":"https:\/\/blogsaverroes.juntadeandalucia.es\/ceipvaraderey\/?p=2466"},"modified":"2023-06-06T20:36:31","modified_gmt":"2023-06-06T18:36:31","slug":"ubuntu-y-accion","status":"publish","type":"post","link":"https:\/\/blogsaverroes.juntadeandalucia.es\/ceipvaraderey\/ubuntu-y-accion\/","title":{"rendered":"Ubuntu y acci\u00f3n"},"content":{"rendered":"<p><span style=\"font-size: 14pt\">\u201cUbuntu y Acci\u00f3n!!!\u201d es un proyecto educativo plenamente inclusivo desarrollado por la Orquesta Carlos III, que culmina con la representaci\u00f3n de un musical con grandes coros, solistas, orquesta, luces&#8230; Comparten escena m\u00e1s de 400 cantantes procedentes de los distintos centros educativos de primaria y secundaria. Los conciertos se ofrecen en grandes teatros, con miles de personas como p\u00fablico.&nbsp;<\/span><\/p>\n<p><span style=\"font-size: 14pt\">El concierto es la culminaci\u00f3n de todo el proceso y al mismo tiempo, el aliciente que anima al alumnado a asumir el reto. Es el reto que invita a trabajar en equipo para aprender, m\u00e1s all\u00e1 del canto coral: a colaborar, a aceptar las diferencias, a integrar e integrarse. En definitiva: aprender a aprender.<\/span><\/p>\n<p><span style=\"font-size: 14pt\">&nbsp;Pues s\u00ed, nuestro centro particip\u00f3 en este interesante y formativo proyecto con nuestros alumnos de 5\u00ba el pasado viernes 2 de junio, que fueron acompa\u00f1ados por sus tutores y, como no, la se\u00f1o de m\u00fasica que es la directora de orquesta, nunca mejor dicho.<\/span><\/p>\n<p><span style=\"font-size: 14pt\">Aqu\u00ed dejamos algunos v\u00eddeos como muestra de tal actuaci\u00f3n de la que todos salieron muy satisfechos y felices.<\/span><\/p>\n<p><iframe loading=\"lazy\" src=\"\/\/www.youtube.com\/embed\/t3iA7Iwhlwg\" width=\"560\" height=\"315\" frameborder=\"0\"><\/iframe>&nbsp;<\/p>\n<p><iframe loading=\"lazy\" src=\"\/\/www.youtube.com\/embed\/vQ6SzwWXRZo\" width=\"560\" height=\"315\" frameborder=\"0\"><\/iframe><\/p>\n<p><iframe loading=\"lazy\" src=\"\/\/www.youtube.com\/embed\/enHmytHAcHc\" width=\"560\" height=\"315\" frameborder=\"0\"><\/iframe><\/p>\n<p><iframe loading=\"lazy\" src=\"\/\/www.youtube.com\/embed\/0Onr40PqtUQ\" width=\"560\" height=\"315\" frameborder=\"0\"><\/iframe><iframe loading=\"lazy\" src=\"\/\/www.youtube.com\/embed\/6jShzSsNnXw\" width=\"560\" height=\"315\" frameborder=\"0\"><\/iframe><\/p>\n","protected":false},"excerpt":{"rendered":"<p>\u201cUbuntu y Acci\u00f3n!!!\u201d es un proyecto educativo plenamente inclusivo desarrollado por la Orquesta Carlos III, que culmina con la representaci\u00f3n de un musical con grandes coros, solistas, orquesta, luces&#8230; Comparten escena m\u00e1s de 400 cantantes procedentes de los distintos centros educativos de primaria y secundaria. Los conciertos se ofrecen en grandes teatros, con miles de [&hellip;]<\/p>\n","protected":false},"author":12576,"featured_media":0,"comment_status":"closed","ping_status":"open","sticky":false,"template":"","format":"standard","meta":{"_et_pb_use_builder":"","_et_pb_old_content":"","_et_gb_content_width":"","ngg_post_thumbnail":0,"footnotes":""},"categories":[3],"tags":[],"aioseo_notices":[],"_links":{"self":[{"href":"https:\/\/blogsaverroes.juntadeandalucia.es\/ceipvaraderey\/wp-json\/wp\/v2\/posts\/2466"}],"collection":[{"href":"https:\/\/blogsaverroes.juntadeandalucia.es\/ceipvaraderey\/wp-json\/wp\/v2\/posts"}],"about":[{"href":"https:\/\/blogsaverroes.juntadeandalucia.es\/ceipvaraderey\/wp-json\/wp\/v2\/types\/post"}],"author":[{"embeddable":true,"href":"https:\/\/blogsaverroes.juntadeandalucia.es\/ceipvaraderey\/wp-json\/wp\/v2\/users\/12576"}],"replies":[{"embeddable":true,"href":"https:\/\/blogsaverroes.juntadeandalucia.es\/ceipvaraderey\/wp-json\/wp\/v2\/comments?post=2466"}],"version-history":[{"count":4,"href":"https:\/\/blogsaverroes.juntadeandalucia.es\/ceipvaraderey\/wp-json\/wp\/v2\/posts\/2466\/revisions"}],"predecessor-version":[{"id":2494,"href":"https:\/\/blogsaverroes.juntadeandalucia.es\/ceipvaraderey\/wp-json\/wp\/v2\/posts\/2466\/revisions\/2494"}],"wp:attachment":[{"href":"https:\/\/blogsaverroes.juntadeandalucia.es\/ceipvaraderey\/wp-json\/wp\/v2\/media?parent=2466"}],"wp:term":[{"taxonomy":"category","embeddable":true,"href":"https:\/\/blogsaverroes.juntadeandalucia.es\/ceipvaraderey\/wp-json\/wp\/v2\/categories?post=2466"},{"taxonomy":"post_tag","embeddable":true,"href":"https:\/\/blogsaverroes.juntadeandalucia.es\/ceipvaraderey\/wp-json\/wp\/v2\/tags?post=2466"}],"curies":[{"name":"wp","href":"https:\/\/api.w.org\/{rel}","templated":true}]}}