{"id":2469,"date":"2023-06-06T13:50:37","date_gmt":"2023-06-06T11:50:37","guid":{"rendered":"https:\/\/blogsaverroes.juntadeandalucia.es\/ceipvaraderey\/?p=2469"},"modified":"2023-06-22T13:01:50","modified_gmt":"2023-06-22T11:01:50","slug":"bienvenidos","status":"publish","type":"post","link":"https:\/\/blogsaverroes.juntadeandalucia.es\/ceipvaraderey\/bienvenidos\/","title":{"rendered":"\u00a1Bienvenidos!"},"content":{"rendered":"<p>[et_pb_section admin_label=&#8221;section&#8221;]<br \/>\n\t\t\t[et_pb_row admin_label=&#8221;row&#8221;]<br \/>\n\t\t\t\t[et_pb_column type=&#8221;4_4&#8243;][et_pb_text admin_label=&#8221;Text&#8221;]<span style=\"font-size: 14pt\">Hoy hemos recibido a nuestros compa\u00f1eros italianos, que estar\u00e1n en nuestro centro y en Sevilla durante estos d\u00edas. Seguiremos compartiendo experiencias e informaci\u00f3n de nuestras respectivas actividades docentes. <\/span><\/p>\n<p><span style=\"font-size: 14pt\">Se han recibido con mucha alegr\u00eda por parte de nuestros alumnos que portaban una banderita de su pa\u00eds mientras sonaba m\u00fasica. Adem\u00e1s de la bienvenida de la Directora, tambi\u00e9n los hemos recibido con unas sevillanas (cantada por nuestra se\u00f1o Macarena y bailadas por el cuerpo de bailes de los ni\u00f1os del cole, dirigidos por la se\u00f1o Conchi) y una actuaci\u00f3n de nuestro coro.<\/span><\/p>\n<p>ngg_shortcode_0_placeholder[\/et_pb_text][\/et_pb_column]<br \/>\n\t\t\t[\/et_pb_row]<br \/>\n\t\t[\/et_pb_section]<\/p>\n","protected":false},"excerpt":{"rendered":"<p>Hoy hemos recibido a nuestros compa\u00f1eros italianos, que estar\u00e1n en nuestro centro y en Sevilla durante estos d\u00edas. Seguiremos compartiendo experiencias e informaci\u00f3n de nuestras respectivas actividades docentes. Se han recibido con mucha alegr\u00eda por parte de nuestros alumnos que portaban una banderita de su pa\u00eds mientras sonaba m\u00fasica. Adem\u00e1s de la bienvenida de la [&hellip;]<\/p>\n","protected":false},"author":12576,"featured_media":0,"comment_status":"closed","ping_status":"open","sticky":false,"template":"","format":"standard","meta":{"_et_pb_use_builder":"on","_et_pb_old_content":"<span style=\"font-size: 14pt\">Hoy hemos recibido a nuestros compa\u00f1eros italianos, que estar\u00e1n en nuestro centro y en Sevilla durante estos d\u00edas. Seguiremos compartiendo experiencias e informaci\u00f3n de nuestras respectivas actividades docentes. <\/span>\r\n\r\n<span style=\"font-size: 14pt\">Se han recibido con mucha alegr\u00eda por parte de nuestros alumnos que portaban una banderita de su pa\u00eds mientras sonaba m\u00fasica. Adem\u00e1s de la bienvenida de la Directora, tambi\u00e9n los hemos recibido con unas sevillanas (cantada por nuestra se\u00f1o Macarena y bailadas por el cuerpo de bailes de los ni\u00f1os del cole, dirigidos por la se\u00f1o Conchi) y una actuaci\u00f3n de nuestro coro.<\/span>\r\n\r\n[ngg src=\"galleries\" ids=\"1\" display=\"basic_thumbnail\" thumbnail_crop=\"0\"]","_et_gb_content_width":"","ngg_post_thumbnail":0,"footnotes":""},"categories":[3,1],"tags":[],"aioseo_notices":[],"_links":{"self":[{"href":"https:\/\/blogsaverroes.juntadeandalucia.es\/ceipvaraderey\/wp-json\/wp\/v2\/posts\/2469"}],"collection":[{"href":"https:\/\/blogsaverroes.juntadeandalucia.es\/ceipvaraderey\/wp-json\/wp\/v2\/posts"}],"about":[{"href":"https:\/\/blogsaverroes.juntadeandalucia.es\/ceipvaraderey\/wp-json\/wp\/v2\/types\/post"}],"author":[{"embeddable":true,"href":"https:\/\/blogsaverroes.juntadeandalucia.es\/ceipvaraderey\/wp-json\/wp\/v2\/users\/12576"}],"replies":[{"embeddable":true,"href":"https:\/\/blogsaverroes.juntadeandalucia.es\/ceipvaraderey\/wp-json\/wp\/v2\/comments?post=2469"}],"version-history":[{"count":5,"href":"https:\/\/blogsaverroes.juntadeandalucia.es\/ceipvaraderey\/wp-json\/wp\/v2\/posts\/2469\/revisions"}],"predecessor-version":[{"id":2554,"href":"https:\/\/blogsaverroes.juntadeandalucia.es\/ceipvaraderey\/wp-json\/wp\/v2\/posts\/2469\/revisions\/2554"}],"wp:attachment":[{"href":"https:\/\/blogsaverroes.juntadeandalucia.es\/ceipvaraderey\/wp-json\/wp\/v2\/media?parent=2469"}],"wp:term":[{"taxonomy":"category","embeddable":true,"href":"https:\/\/blogsaverroes.juntadeandalucia.es\/ceipvaraderey\/wp-json\/wp\/v2\/categories?post=2469"},{"taxonomy":"post_tag","embeddable":true,"href":"https:\/\/blogsaverroes.juntadeandalucia.es\/ceipvaraderey\/wp-json\/wp\/v2\/tags?post=2469"}],"curies":[{"name":"wp","href":"https:\/\/api.w.org\/{rel}","templated":true}]}}