{"id":1371,"date":"2023-05-23T12:47:00","date_gmt":"2023-05-23T11:47:00","guid":{"rendered":"https:\/\/blogsaverroes.juntadeandalucia.es\/ceipveintiochodefebrero\/?p=1371"},"modified":"2023-05-23T12:47:31","modified_gmt":"2023-05-23T11:47:31","slug":"segunda-entrega-de-cartas-dentro-del-proyecto-de-cooperacion-interbibliotecas","status":"publish","type":"post","link":"https:\/\/blogsaverroes.juntadeandalucia.es\/ceipveintiochodefebrero\/segunda-entrega-de-cartas-dentro-del-proyecto-de-cooperacion-interbibliotecas\/","title":{"rendered":"Segunda entrega de Cartas dentro del Proyecto de Cooperaci\u00f3n Interbibliotecas"},"content":{"rendered":"<p>Dentro del proyecto de Cooperaci\u00f3n Bibliotecaria, llevado a cabo por los cuatro centros educativos de infantil y primaria de Hu\u00e9rcal de Almer\u00eda, se ha llevado a cabo la segunda entrega de cartas desde nuestro colegio: Ceip Veintiocho de Febrero al Ceip Clara Campoamor.<br \/>\nEste proyecto nos lleva a un camino hacia la convivencia y cooperaci\u00f3n entre centros. Y todo ello a trav\u00e9s de la escritura de cartas entre nuestro alumnado.<br \/>\nPara que sea m\u00e1s factible el poder conocerse en un futuro cercano, se decidi\u00f3 que nuestro colegio se escribir\u00eda con el alumnado del Clara Campoamor. Y este ha sido el resultado del segundo intercambio de cartas que tuvo lugar el jueves 18 de mayo.<\/p>\n<p>Esta iniciativa ha tenido una acogida fant\u00e1stica entre nuestro alumnado, profesorado y comunidad educativa en general.<br \/>\nEl video podr\u00e9is encontrarlo en nuestro canal de youtube: <a href=\"https:\/\/youtu.be\/WQik8bbrTUY\">https:\/\/youtu.be\/WQik8bbrTUY<\/a><br \/>\n<a class=\"x1i10hfl xjbqb8w x6umtig x1b1mbwd xaqea5y xav7gou x9f619 x1ypdohk xt0psk2 xe8uvvx xdj266r x11i5rnm xat24cr x1mh8g0r xexx8yu x4uap5 x18d9i69 xkhd6sd x16tdsg8 x1hl2dhg xggy1nq x1a2a7pz _aa9_ _a6hd\" role=\"link\" href=\"https:\/\/www.instagram.com\/explore\/tags\/ceipveintiochodefebrero\/\">#ceipveintiochodefebrero<\/a>&nbsp;<a class=\"x1i10hfl xjbqb8w x6umtig x1b1mbwd xaqea5y xav7gou x9f619 x1ypdohk xt0psk2 xe8uvvx xdj266r x11i5rnm xat24cr x1mh8g0r xexx8yu x4uap5 x18d9i69 xkhd6sd x16tdsg8 x1hl2dhg xggy1nq x1a2a7pz _aa9_ _a6hd\" role=\"link\" href=\"https:\/\/www.instagram.com\/explore\/tags\/huercaldealmeria\/\">#huercaldealmeria<\/a>&nbsp;<a class=\"x1i10hfl xjbqb8w x6umtig x1b1mbwd xaqea5y xav7gou x9f619 x1ypdohk xt0psk2 xe8uvvx xdj266r x11i5rnm xat24cr x1mh8g0r xexx8yu x4uap5 x18d9i69 xkhd6sd x16tdsg8 x1hl2dhg xggy1nq x1a2a7pz _aa9_ _a6hd\" role=\"link\" href=\"https:\/\/www.instagram.com\/explore\/tags\/bibliotecaescolar\/\">#bibliotecaescolar<\/a>&nbsp;<a class=\"x1i10hfl xjbqb8w x6umtig x1b1mbwd xaqea5y xav7gou x9f619 x1ypdohk xt0psk2 xe8uvvx xdj266r x11i5rnm xat24cr x1mh8g0r xexx8yu x4uap5 x18d9i69 xkhd6sd x16tdsg8 x1hl2dhg xggy1nq x1a2a7pz _aa9_ _a6hd\" role=\"link\" href=\"https:\/\/www.instagram.com\/explore\/tags\/cartas\/\">#cartas<\/a>&nbsp;<a class=\"x1i10hfl xjbqb8w x6umtig x1b1mbwd xaqea5y xav7gou x9f619 x1ypdohk xt0psk2 xe8uvvx xdj266r x11i5rnm xat24cr x1mh8g0r xexx8yu x4uap5 x18d9i69 xkhd6sd x16tdsg8 x1hl2dhg xggy1nq x1a2a7pz _aa9_ _a6hd\" role=\"link\" href=\"https:\/\/www.instagram.com\/explore\/tags\/cooperaci%C3%B3nbibliotecaria\/\">#cooperaci\u00f3nbibliotecaria<\/a>&nbsp;<a class=\"x1i10hfl xjbqb8w x6umtig x1b1mbwd xaqea5y xav7gou x9f619 x1ypdohk xt0psk2 xe8uvvx xdj266r x11i5rnm xat24cr x1mh8g0r xexx8yu x4uap5 x18d9i69 xkhd6sd x16tdsg8 x1hl2dhg xggy1nq x1a2a7pz _aa9_ _a6hd\" role=\"link\" href=\"https:\/\/www.instagram.com\/explore\/tags\/colesp%C3%BAblicos\/\">#colesp\u00fablicos<\/a>&nbsp;<a class=\"x1i10hfl xjbqb8w x6umtig x1b1mbwd xaqea5y xav7gou x9f619 x1ypdohk xt0psk2 xe8uvvx xdj266r x11i5rnm xat24cr x1mh8g0r xexx8yu x4uap5 x18d9i69 xkhd6sd x16tdsg8 x1hl2dhg xggy1nq x1a2a7pz _aa9_ _a6hd\" role=\"link\" href=\"https:\/\/www.instagram.com\/explore\/tags\/colesactivos\/\">#colesactivos<\/a><\/p>\n","protected":false},"excerpt":{"rendered":"<p>Dentro del proyecto de Cooperaci\u00f3n Bibliotecaria, llevado a cabo por los cuatro centros educativos de infantil y primaria de Hu\u00e9rcal de Almer\u00eda, se ha llevado a cabo la segunda entrega de cartas desde nuestro colegio: Ceip Veintiocho de Febrero al Ceip Clara Campoamor. Este proyecto nos lleva a un camino hacia la convivencia y cooperaci\u00f3n [&hellip;]<\/p>\n","protected":false},"author":15861,"featured_media":1373,"comment_status":"closed","ping_status":"open","sticky":false,"template":"","format":"standard","meta":{"_et_pb_use_builder":"","_et_pb_old_content":"","_et_gb_content_width":"","ngg_post_thumbnail":0,"footnotes":""},"categories":[3],"tags":[],"aioseo_notices":[],"_links":{"self":[{"href":"https:\/\/blogsaverroes.juntadeandalucia.es\/ceipveintiochodefebrero\/wp-json\/wp\/v2\/posts\/1371"}],"collection":[{"href":"https:\/\/blogsaverroes.juntadeandalucia.es\/ceipveintiochodefebrero\/wp-json\/wp\/v2\/posts"}],"about":[{"href":"https:\/\/blogsaverroes.juntadeandalucia.es\/ceipveintiochodefebrero\/wp-json\/wp\/v2\/types\/post"}],"author":[{"embeddable":true,"href":"https:\/\/blogsaverroes.juntadeandalucia.es\/ceipveintiochodefebrero\/wp-json\/wp\/v2\/users\/15861"}],"replies":[{"embeddable":true,"href":"https:\/\/blogsaverroes.juntadeandalucia.es\/ceipveintiochodefebrero\/wp-json\/wp\/v2\/comments?post=1371"}],"version-history":[{"count":2,"href":"https:\/\/blogsaverroes.juntadeandalucia.es\/ceipveintiochodefebrero\/wp-json\/wp\/v2\/posts\/1371\/revisions"}],"predecessor-version":[{"id":1375,"href":"https:\/\/blogsaverroes.juntadeandalucia.es\/ceipveintiochodefebrero\/wp-json\/wp\/v2\/posts\/1371\/revisions\/1375"}],"wp:featuredmedia":[{"embeddable":true,"href":"https:\/\/blogsaverroes.juntadeandalucia.es\/ceipveintiochodefebrero\/wp-json\/wp\/v2\/media\/1373"}],"wp:attachment":[{"href":"https:\/\/blogsaverroes.juntadeandalucia.es\/ceipveintiochodefebrero\/wp-json\/wp\/v2\/media?parent=1371"}],"wp:term":[{"taxonomy":"category","embeddable":true,"href":"https:\/\/blogsaverroes.juntadeandalucia.es\/ceipveintiochodefebrero\/wp-json\/wp\/v2\/categories?post=1371"},{"taxonomy":"post_tag","embeddable":true,"href":"https:\/\/blogsaverroes.juntadeandalucia.es\/ceipveintiochodefebrero\/wp-json\/wp\/v2\/tags?post=1371"}],"curies":[{"name":"wp","href":"https:\/\/api.w.org\/{rel}","templated":true}]}}