{"id":2274,"date":"2019-11-13T20:58:57","date_gmt":"2019-11-13T19:58:57","guid":{"rendered":"http:\/\/blogsaverroes.juntadeandalucia.es\/ceipvicentealeixandre\/?p=2274"},"modified":"2019-11-27T15:01:50","modified_gmt":"2019-11-27T14:01:50","slug":"comunica","status":"publish","type":"post","link":"https:\/\/blogsaverroes.juntadeandalucia.es\/ceipvicentealeixandre\/2019\/11\/13\/comunica\/","title":{"rendered":"ComunicA"},"content":{"rendered":"<p><a href=\"https:\/\/blogsaverroes.juntadeandalucia.es\/ceipvicentealeixandre\/files\/2019\/03\/descarga.png\"><br \/>\n<img decoding=\"async\" class=\"size-medium wp-image-2275 aligncenter\" src=\"https:\/\/blogsaverroes.juntadeandalucia.es\/ceipvicentealeixandre\/files\/2019\/03\/descarga-300x99.png\" alt=\"\" width=\"300\" height=\"99\" srcset=\"https:\/\/blogsaverroes.juntadeandalucia.es\/ceipvicentealeixandre\/files\/2019\/03\/descarga-300x99.png 300w, https:\/\/blogsaverroes.juntadeandalucia.es\/ceipvicentealeixandre\/files\/2019\/03\/descarga-332x110.png 332w, https:\/\/blogsaverroes.juntadeandalucia.es\/ceipvicentealeixandre\/files\/2019\/03\/descarga-24x8.png 24w, https:\/\/blogsaverroes.juntadeandalucia.es\/ceipvicentealeixandre\/files\/2019\/03\/descarga-36x12.png 36w, https:\/\/blogsaverroes.juntadeandalucia.es\/ceipvicentealeixandre\/files\/2019\/03\/descarga-48x16.png 48w, https:\/\/blogsaverroes.juntadeandalucia.es\/ceipvicentealeixandre\/files\/2019\/03\/descarga.png 389w\" sizes=\"(max-width: 300px) 100vw, 300px\" \/><\/a><\/p>\n<p><strong><em>\u00abUn maestro es una br\u00fajula que activa los imanes de la curiosidad, el conocimiento y la sabidur\u00eda de los alumnos\u00bb<\/em><\/strong>&nbsp;<\/p>\n<p>&nbsp; &nbsp; &nbsp; &nbsp; &nbsp; &nbsp; &nbsp; &nbsp; &nbsp; &nbsp; &nbsp; &nbsp; &nbsp; &nbsp; &nbsp; &nbsp; &nbsp; &nbsp; &nbsp; &nbsp; &nbsp; &nbsp; &nbsp; &nbsp; &nbsp; &nbsp; &nbsp; &nbsp; &nbsp; &nbsp; &nbsp; &nbsp; &nbsp; &nbsp; &nbsp; &nbsp; &nbsp; &nbsp; &nbsp; &nbsp; &nbsp; &nbsp; &nbsp; &nbsp; &nbsp; &nbsp; &nbsp; (Ever Garrison)<\/p>\n<p>La comunicaci\u00f3n es el elemento b\u00e1sico que nos permite relacionarnos con el entorno. Las formas de comunicarnos son diversas y complementarias.<\/p>\n<p>En el entorno escolar tenemos que prestar especial atenci\u00f3n a c\u00f3mo se desarrolla, que recursos se utilizan, cu\u00e1les son las necesidades comunicativas de sus usuarios, qu\u00e9 tipos de lenguajes son los m\u00e1s usuales,&#8230;etc.<\/p>\n<p>El <a href=\"https:\/\/drive.google.com\/open?id=19qywQtnjt3zmAlk-L0Zvt5UPthUhEyK7\">PLAN DE TRABAJO<\/a> para el curso 2019-2020 es el siguiente.<\/p>\n<p style=\"text-align: center\"><a href=\"https:\/\/drive.google.com\/open?id=19qywQtnjt3zmAlk-L0Zvt5UPthUhEyK7\"><img fetchpriority=\"high\" decoding=\"async\" class=\"alignnone size-medium wp-image-2589\" src=\"https:\/\/blogsaverroes.juntadeandalucia.es\/ceipvicentealeixandre\/files\/2019\/11\/20191126131353807_0001-212x300.jpg\" alt=\"\" width=\"212\" height=\"300\" srcset=\"https:\/\/blogsaverroes.juntadeandalucia.es\/ceipvicentealeixandre\/files\/2019\/11\/20191126131353807_0001-212x300.jpg 212w, https:\/\/blogsaverroes.juntadeandalucia.es\/ceipvicentealeixandre\/files\/2019\/11\/20191126131353807_0001-768x1087.jpg 768w, https:\/\/blogsaverroes.juntadeandalucia.es\/ceipvicentealeixandre\/files\/2019\/11\/20191126131353807_0001-724x1024.jpg 724w, https:\/\/blogsaverroes.juntadeandalucia.es\/ceipvicentealeixandre\/files\/2019\/11\/20191126131353807_0001-700x990.jpg 700w, https:\/\/blogsaverroes.juntadeandalucia.es\/ceipvicentealeixandre\/files\/2019\/11\/20191126131353807_0001-332x470.jpg 332w, https:\/\/blogsaverroes.juntadeandalucia.es\/ceipvicentealeixandre\/files\/2019\/11\/20191126131353807_0001-17x24.jpg 17w, https:\/\/blogsaverroes.juntadeandalucia.es\/ceipvicentealeixandre\/files\/2019\/11\/20191126131353807_0001-25x36.jpg 25w, https:\/\/blogsaverroes.juntadeandalucia.es\/ceipvicentealeixandre\/files\/2019\/11\/20191126131353807_0001-34x48.jpg 34w, https:\/\/blogsaverroes.juntadeandalucia.es\/ceipvicentealeixandre\/files\/2019\/11\/20191126131353807_0001.jpg 1131w\" sizes=\"(max-width: 212px) 100vw, 212px\" \/><\/a><\/p>\n","protected":false},"excerpt":{"rendered":"<p>\u00abUn maestro es una br\u00fajula que activa los imanes de la curiosidad, el conocimiento y la sabidur\u00eda de los alumnos\u00bb&nbsp; &nbsp; &nbsp; &nbsp; &nbsp; &nbsp; &nbsp; &nbsp; &nbsp; &nbsp; &nbsp; &nbsp; &nbsp; &nbsp; &nbsp; &nbsp; &nbsp; &nbsp; &nbsp; &nbsp; &nbsp; &nbsp; &nbsp; &nbsp; &nbsp; &nbsp; &nbsp; &nbsp; &nbsp; &nbsp; &nbsp; &nbsp; &nbsp; &nbsp; &nbsp; &nbsp; &hellip; <\/p>\n<p><a class=\"more-link btn\" href=\"https:\/\/blogsaverroes.juntadeandalucia.es\/ceipvicentealeixandre\/2019\/11\/13\/comunica\/\">Seguir leyendo<\/a><\/p>\n","protected":false},"author":2262,"featured_media":0,"comment_status":"closed","ping_status":"closed","sticky":false,"template":"","format":"standard","meta":{"ngg_post_thumbnail":0,"footnotes":""},"categories":[375072],"tags":[],"aioseo_notices":[],"_links":{"self":[{"href":"https:\/\/blogsaverroes.juntadeandalucia.es\/ceipvicentealeixandre\/wp-json\/wp\/v2\/posts\/2274"}],"collection":[{"href":"https:\/\/blogsaverroes.juntadeandalucia.es\/ceipvicentealeixandre\/wp-json\/wp\/v2\/posts"}],"about":[{"href":"https:\/\/blogsaverroes.juntadeandalucia.es\/ceipvicentealeixandre\/wp-json\/wp\/v2\/types\/post"}],"author":[{"embeddable":true,"href":"https:\/\/blogsaverroes.juntadeandalucia.es\/ceipvicentealeixandre\/wp-json\/wp\/v2\/users\/2262"}],"replies":[{"embeddable":true,"href":"https:\/\/blogsaverroes.juntadeandalucia.es\/ceipvicentealeixandre\/wp-json\/wp\/v2\/comments?post=2274"}],"version-history":[{"count":3,"href":"https:\/\/blogsaverroes.juntadeandalucia.es\/ceipvicentealeixandre\/wp-json\/wp\/v2\/posts\/2274\/revisions"}],"predecessor-version":[{"id":2602,"href":"https:\/\/blogsaverroes.juntadeandalucia.es\/ceipvicentealeixandre\/wp-json\/wp\/v2\/posts\/2274\/revisions\/2602"}],"wp:attachment":[{"href":"https:\/\/blogsaverroes.juntadeandalucia.es\/ceipvicentealeixandre\/wp-json\/wp\/v2\/media?parent=2274"}],"wp:term":[{"taxonomy":"category","embeddable":true,"href":"https:\/\/blogsaverroes.juntadeandalucia.es\/ceipvicentealeixandre\/wp-json\/wp\/v2\/categories?post=2274"},{"taxonomy":"post_tag","embeddable":true,"href":"https:\/\/blogsaverroes.juntadeandalucia.es\/ceipvicentealeixandre\/wp-json\/wp\/v2\/tags?post=2274"}],"curies":[{"name":"wp","href":"https:\/\/api.w.org\/{rel}","templated":true}]}}