{"id":3981,"date":"2024-11-03T18:39:28","date_gmt":"2024-11-03T17:39:28","guid":{"rendered":"https:\/\/blogsaverroes.juntadeandalucia.es\/ceipvicentealeixandre\/?p=3981"},"modified":"2024-11-18T09:54:56","modified_gmt":"2024-11-18T08:54:56","slug":"16n-dia-internacional-del-flamenco","status":"publish","type":"post","link":"https:\/\/blogsaverroes.juntadeandalucia.es\/ceipvicentealeixandre\/2024\/11\/03\/16n-dia-internacional-del-flamenco\/","title":{"rendered":"16N D\u00eda Internacional del Flamenco"},"content":{"rendered":"<p>El pr\u00f3ximo 15 de noviembre se celebrar\u00e1 el D\u00cdA DEL FLAMENCO, que estar\u00e1 centrado en la tem\u00e1tica: Los verdiales. Pospuesto al jueves 21 de noviembre debido al cierre del centro por la DANA.<\/p>\n<p>&#8211; Taller de verdiales a cargo de panda de verdiales, para las etapas de infantil (en clase de 9:00 h a 10:00 h) y para primaria, aula espec\u00edfica y aula TEA (en sal\u00f3n de actos, de 10:00 a 12:00h)<\/p>\n<p>&#8211; Baile grupal en el patio del colegio. (coreograf\u00eda a cargo de aurora Narv\u00e1ez, maestra del centro)<\/p>\n<p>-Realizaci\u00f3n de casta\u00f1uelas y lazos.<\/p>\n<p>Para tal acto el alumnado podr\u00e1 venir con camiseta o jersey blanco, falda o pantal\u00f3n vaquero, faj\u00edn rojo.<\/p>\n<p style=\"text-align: center\"><a href=\"https:\/\/www.juntadeandalucia.es\/cultura\/flamenco\/\" target=\"_blank\" rel=\"noopener\"><img fetchpriority=\"high\" decoding=\"async\" class=\"alignnone size-medium wp-image-3983\" src=\"https:\/\/blogsaverroes.juntadeandalucia.es\/ceipvicentealeixandre\/files\/2024\/11\/arbol-flamenco-212x300.jpg\" alt=\"\" width=\"212\" height=\"300\" srcset=\"https:\/\/blogsaverroes.juntadeandalucia.es\/ceipvicentealeixandre\/files\/2024\/11\/arbol-flamenco-212x300.jpg 212w, https:\/\/blogsaverroes.juntadeandalucia.es\/ceipvicentealeixandre\/files\/2024\/11\/arbol-flamenco-332x470.jpg 332w, https:\/\/blogsaverroes.juntadeandalucia.es\/ceipvicentealeixandre\/files\/2024\/11\/arbol-flamenco.jpg 474w\" sizes=\"(max-width: 212px) 100vw, 212px\" \/><\/a><\/p>\n<p>As\u00ed que os propongo dos retos;<\/p>\n<p>&#8211; Realic\u00e9is un Canva (a trav\u00e9s de vuestro correo corporativo y la cuenta asociada) para explicar a vuestros compa\u00f1er@s en qu\u00e9 consisten los Verdiales.<\/p>\n<p>&#8211; Me dej\u00e9is en comentarios v\u00eddeos de youtube de las que m\u00e1s os gusten.<\/p>\n<p>\u00bfHabr\u00e1 premios o regalos para las mejores?&#8230;<\/p>\n","protected":false},"excerpt":{"rendered":"<p>El pr\u00f3ximo 15 de noviembre se celebrar\u00e1 el D\u00cdA DEL FLAMENCO, que estar\u00e1 centrado en la tem\u00e1tica: Los verdiales. Pospuesto al jueves 21 de noviembre debido al cierre del centro por la DANA. &#8211; Taller de verdiales a cargo de panda de verdiales, para las etapas de infantil (en clase de 9:00 h a 10:00 &hellip; <\/p>\n<p><a class=\"more-link btn\" href=\"https:\/\/blogsaverroes.juntadeandalucia.es\/ceipvicentealeixandre\/2024\/11\/03\/16n-dia-internacional-del-flamenco\/\">Seguir leyendo<\/a><\/p>\n","protected":false},"author":1899,"featured_media":3984,"comment_status":"closed","ping_status":"closed","sticky":false,"template":"","format":"standard","meta":{"ngg_post_thumbnail":0,"footnotes":""},"categories":[375090],"tags":[375093],"aioseo_notices":[],"_links":{"self":[{"href":"https:\/\/blogsaverroes.juntadeandalucia.es\/ceipvicentealeixandre\/wp-json\/wp\/v2\/posts\/3981"}],"collection":[{"href":"https:\/\/blogsaverroes.juntadeandalucia.es\/ceipvicentealeixandre\/wp-json\/wp\/v2\/posts"}],"about":[{"href":"https:\/\/blogsaverroes.juntadeandalucia.es\/ceipvicentealeixandre\/wp-json\/wp\/v2\/types\/post"}],"author":[{"embeddable":true,"href":"https:\/\/blogsaverroes.juntadeandalucia.es\/ceipvicentealeixandre\/wp-json\/wp\/v2\/users\/1899"}],"replies":[{"embeddable":true,"href":"https:\/\/blogsaverroes.juntadeandalucia.es\/ceipvicentealeixandre\/wp-json\/wp\/v2\/comments?post=3981"}],"version-history":[{"count":4,"href":"https:\/\/blogsaverroes.juntadeandalucia.es\/ceipvicentealeixandre\/wp-json\/wp\/v2\/posts\/3981\/revisions"}],"predecessor-version":[{"id":4215,"href":"https:\/\/blogsaverroes.juntadeandalucia.es\/ceipvicentealeixandre\/wp-json\/wp\/v2\/posts\/3981\/revisions\/4215"}],"wp:featuredmedia":[{"embeddable":true,"href":"https:\/\/blogsaverroes.juntadeandalucia.es\/ceipvicentealeixandre\/wp-json\/wp\/v2\/media\/3984"}],"wp:attachment":[{"href":"https:\/\/blogsaverroes.juntadeandalucia.es\/ceipvicentealeixandre\/wp-json\/wp\/v2\/media?parent=3981"}],"wp:term":[{"taxonomy":"category","embeddable":true,"href":"https:\/\/blogsaverroes.juntadeandalucia.es\/ceipvicentealeixandre\/wp-json\/wp\/v2\/categories?post=3981"},{"taxonomy":"post_tag","embeddable":true,"href":"https:\/\/blogsaverroes.juntadeandalucia.es\/ceipvicentealeixandre\/wp-json\/wp\/v2\/tags?post=3981"}],"curies":[{"name":"wp","href":"https:\/\/api.w.org\/{rel}","templated":true}]}}