{"id":3169,"date":"2019-01-30T15:18:02","date_gmt":"2019-01-30T15:18:02","guid":{"rendered":"https:\/\/blogsaverroes.juntadeandalucia.es\/ceipvictoriadiez\/?p=3169"},"modified":"2019-01-31T20:57:05","modified_gmt":"2019-01-31T20:57:05","slug":"3169-2","status":"publish","type":"post","link":"https:\/\/blogsaverroes.juntadeandalucia.es\/ceipvictoriadiez\/3169-2\/","title":{"rendered":"Lucy y Zacar\u00edas nos visitan"},"content":{"rendered":"<p>&nbsp;<\/p>\n<p>Un d\u00eda estaba haciendo un dictado para el repaso de <strong>c<\/strong> y <strong>z. <\/strong>Surgieron Lucy y Zacar\u00edas, tambi\u00e9n le aparecieron unas alas a Zacar\u00edas, una tortuga azul gigante. La historia nos relata de c\u00f3mo Lucy, campeona volando por cualquier cielo, sola, sin alas, s\u00f3lo con el deseo de hacerlo a modo de Chihiro o de los personajes del gran Hayao Miyazaky, va a \u00c1frica a conseguir las alas de Zacar\u00edas.<\/p>\n<p>Y detr\u00e1s de ellos le siguen Tolima Mus, Baku, Toronto. Tendr\u00e9is que leer el cuento.<\/p>\n<p>Pues el lunes se queda un cuadro de un metro y medio por ochenta cent\u00edmetros de altura colgado de las tuber\u00edas de la calefacci\u00f3n hasta que a los ni\u00f1os se inspiren e inventen una raz\u00f3n para su existencia, de ellos y de los peque\u00f1o detalles que tienen con ellos: el medall\u00f3n de Zacar\u00edas, el cazamariposas de Lucy, su bolsa, el anem\u00f3metro&#8230;<\/p>\n<p>Y comenzar\u00e1n a crear a partir de una ilustraci\u00f3n, en este caso, una ilustraci\u00f3n gigante. Ellos inventar\u00e1n su cuento particular.<\/p>\n<p>A ver qu\u00e9 ocurre, de momento ya se han apuntado ni\u00f1as de 4, de las dos clases, los de segundo y las auxiliares de sexto.<\/p>\n<p>Os ir\u00e9 contando.<\/p>\n<p><a href=\"https:\/\/blogsaverroes.juntadeandalucia.es\/ceipvictoriadiez\/files\/2019\/01\/pies.jpg\"><img loading=\"lazy\" decoding=\"async\" class=\"alignnone size-medium wp-image-3171\" src=\"https:\/\/blogsaverroes.juntadeandalucia.es\/ceipvictoriadiez\/files\/2019\/01\/pies-294x300.jpg\" alt=\"\" width=\"294\" height=\"300\" srcset=\"https:\/\/blogsaverroes.juntadeandalucia.es\/ceipvictoriadiez\/files\/2019\/01\/pies-294x300.jpg 294w, https:\/\/blogsaverroes.juntadeandalucia.es\/ceipvictoriadiez\/files\/2019\/01\/pies-768x784.jpg 768w, https:\/\/blogsaverroes.juntadeandalucia.es\/ceipvictoriadiez\/files\/2019\/01\/pies-1003x1024.jpg 1003w, https:\/\/blogsaverroes.juntadeandalucia.es\/ceipvictoriadiez\/files\/2019\/01\/pies-700x714.jpg 700w, https:\/\/blogsaverroes.juntadeandalucia.es\/ceipvictoriadiez\/files\/2019\/01\/pies-24x24.jpg 24w, https:\/\/blogsaverroes.juntadeandalucia.es\/ceipvictoriadiez\/files\/2019\/01\/pies-36x36.jpg 36w, https:\/\/blogsaverroes.juntadeandalucia.es\/ceipvictoriadiez\/files\/2019\/01\/pies-48x48.jpg 48w, https:\/\/blogsaverroes.juntadeandalucia.es\/ceipvictoriadiez\/files\/2019\/01\/pies.jpg 1568w\" sizes=\"(max-width: 294px) 100vw, 294px\" \/><\/a><\/p>\n","protected":false},"excerpt":{"rendered":"<p>&nbsp; Un d\u00eda estaba haciendo un dictado para el repaso de c y z. Surgieron Lucy y Zacar\u00edas, tambi\u00e9n le aparecieron unas alas a Zacar\u00edas, una tortuga azul gigante. La historia nos relata de&#46;&#46;&#46;<\/p>\n","protected":false},"author":6976,"featured_media":3171,"comment_status":"closed","ping_status":"closed","sticky":false,"template":"","format":"standard","meta":{"ngg_post_thumbnail":0,"footnotes":""},"categories":[9600],"tags":[],"aioseo_notices":[],"_links":{"self":[{"href":"https:\/\/blogsaverroes.juntadeandalucia.es\/ceipvictoriadiez\/wp-json\/wp\/v2\/posts\/3169"}],"collection":[{"href":"https:\/\/blogsaverroes.juntadeandalucia.es\/ceipvictoriadiez\/wp-json\/wp\/v2\/posts"}],"about":[{"href":"https:\/\/blogsaverroes.juntadeandalucia.es\/ceipvictoriadiez\/wp-json\/wp\/v2\/types\/post"}],"author":[{"embeddable":true,"href":"https:\/\/blogsaverroes.juntadeandalucia.es\/ceipvictoriadiez\/wp-json\/wp\/v2\/users\/6976"}],"replies":[{"embeddable":true,"href":"https:\/\/blogsaverroes.juntadeandalucia.es\/ceipvictoriadiez\/wp-json\/wp\/v2\/comments?post=3169"}],"version-history":[{"count":4,"href":"https:\/\/blogsaverroes.juntadeandalucia.es\/ceipvictoriadiez\/wp-json\/wp\/v2\/posts\/3169\/revisions"}],"predecessor-version":[{"id":3298,"href":"https:\/\/blogsaverroes.juntadeandalucia.es\/ceipvictoriadiez\/wp-json\/wp\/v2\/posts\/3169\/revisions\/3298"}],"wp:featuredmedia":[{"embeddable":true,"href":"https:\/\/blogsaverroes.juntadeandalucia.es\/ceipvictoriadiez\/wp-json\/wp\/v2\/media\/3171"}],"wp:attachment":[{"href":"https:\/\/blogsaverroes.juntadeandalucia.es\/ceipvictoriadiez\/wp-json\/wp\/v2\/media?parent=3169"}],"wp:term":[{"taxonomy":"category","embeddable":true,"href":"https:\/\/blogsaverroes.juntadeandalucia.es\/ceipvictoriadiez\/wp-json\/wp\/v2\/categories?post=3169"},{"taxonomy":"post_tag","embeddable":true,"href":"https:\/\/blogsaverroes.juntadeandalucia.es\/ceipvictoriadiez\/wp-json\/wp\/v2\/tags?post=3169"}],"curies":[{"name":"wp","href":"https:\/\/api.w.org\/{rel}","templated":true}]}}