{"id":3671,"date":"2022-02-26T16:19:39","date_gmt":"2022-02-26T15:19:39","guid":{"rendered":"https:\/\/blogsaverroes.juntadeandalucia.es\/ceipvirgendebelen\/?p=3671"},"modified":"2022-03-06T17:28:32","modified_gmt":"2022-03-06T16:28:32","slug":"admision-2022-23","status":"publish","type":"post","link":"https:\/\/blogsaverroes.juntadeandalucia.es\/ceipvirgendebelen\/admision-2022-23\/","title":{"rendered":"ADMISI\u00d3N 2022\/23"},"content":{"rendered":"<p><strong>ADMISI\u00d3N 2022\/23<\/strong><\/p>\n<p>Desde el 1&nbsp; al 31 de&nbsp; marzo abierto per\u00edodo de solicitud de plaza&nbsp; en nuestro centro escolar. M\u00e1s informaci\u00f3n en&nbsp; nuestro Genially interactivo que muestra las instalaciones, actividades que realizamos , proyectos de nuestro centro escolar&#8230;<\/p>\n<p><a href=\"https:\/\/sites.google.com\/g.educaand.es\/ceip-virgen-de-belen\/admisi%C3%B3n-2223\">Sigue este enlace para informarte o pulsa en la imagen:<\/a><\/p>\n<p><a href=\"https:\/\/sites.google.com\/g.educaand.es\/ceip-virgen-de-belen\/admisi%C3%B3n-2223\"><img loading=\"lazy\" decoding=\"async\" class=\" wp-image-3653 aligncenter\" src=\"https:\/\/blogsaverroes.juntadeandalucia.es\/ceipvirgendebelen\/files\/2022\/02\/Captura-de-pantalla-2022-02-25-a-las-23.17.18-300x168.png\" alt=\"\" width=\"489\" height=\"274\"\/><\/a><\/p>\n<p>Deben solicitar plaza escolar:<\/p>\n<ul>\n<li>Los ni\u00f1os y ni\u00f1as que se incorporan por primera vez al sistema educativo.<\/li>\n<li>El alumnado que cambie de centro educativo.<\/li>\n<\/ul>\n<p>&nbsp;<\/p>\n<p>Los alumnos de 6\u00ba de nuestro centro quedan adscritos al instituto de referencia&nbsp; IES Bel\u00e9n, si desean hacerlo a otro distinto&nbsp; deben realizar el proceso de admisi\u00f3n en el nuevo centro que deseen.<\/p>\n<p><a href=\"https:\/\/www.juntadeandalucia.es\/educacion\/portals\/web\/escolarizacion\/inicio\">Todas las instrucciones en el portal de escolarizaci\u00f3n y matriculaci\u00f3n de la Junta de Andaluc\u00eda .<\/a><\/p>\n<p>&nbsp;<\/p>\n<div>&nbsp;<\/div>\n","protected":false},"excerpt":{"rendered":"<p>ADMISI\u00d3N 2022\/23 Desde el 1&nbsp; al 31 de&nbsp; marzo abierto per\u00edodo de solicitud de plaza&nbsp; en nuestro centro escolar. M\u00e1s informaci\u00f3n en&nbsp; nuestro Genially interactivo que muestra las instalaciones, actividades que realizamos , proyectos de nuestro centro escolar&#8230; Sigue este enlace para informarte o pulsa en la imagen: Deben solicitar plaza escolar: Los ni\u00f1os y [&hellip;]<\/p>\n","protected":false},"author":11969,"featured_media":0,"comment_status":"closed","ping_status":"open","sticky":false,"template":"","format":"standard","meta":{"_et_pb_use_builder":"off","_et_pb_old_content":"","_et_gb_content_width":"","ngg_post_thumbnail":0,"footnotes":""},"categories":[13],"tags":[53],"aioseo_notices":[],"_links":{"self":[{"href":"https:\/\/blogsaverroes.juntadeandalucia.es\/ceipvirgendebelen\/wp-json\/wp\/v2\/posts\/3671"}],"collection":[{"href":"https:\/\/blogsaverroes.juntadeandalucia.es\/ceipvirgendebelen\/wp-json\/wp\/v2\/posts"}],"about":[{"href":"https:\/\/blogsaverroes.juntadeandalucia.es\/ceipvirgendebelen\/wp-json\/wp\/v2\/types\/post"}],"author":[{"embeddable":true,"href":"https:\/\/blogsaverroes.juntadeandalucia.es\/ceipvirgendebelen\/wp-json\/wp\/v2\/users\/11969"}],"replies":[{"embeddable":true,"href":"https:\/\/blogsaverroes.juntadeandalucia.es\/ceipvirgendebelen\/wp-json\/wp\/v2\/comments?post=3671"}],"version-history":[{"count":18,"href":"https:\/\/blogsaverroes.juntadeandalucia.es\/ceipvirgendebelen\/wp-json\/wp\/v2\/posts\/3671\/revisions"}],"predecessor-version":[{"id":3822,"href":"https:\/\/blogsaverroes.juntadeandalucia.es\/ceipvirgendebelen\/wp-json\/wp\/v2\/posts\/3671\/revisions\/3822"}],"wp:attachment":[{"href":"https:\/\/blogsaverroes.juntadeandalucia.es\/ceipvirgendebelen\/wp-json\/wp\/v2\/media?parent=3671"}],"wp:term":[{"taxonomy":"category","embeddable":true,"href":"https:\/\/blogsaverroes.juntadeandalucia.es\/ceipvirgendebelen\/wp-json\/wp\/v2\/categories?post=3671"},{"taxonomy":"post_tag","embeddable":true,"href":"https:\/\/blogsaverroes.juntadeandalucia.es\/ceipvirgendebelen\/wp-json\/wp\/v2\/tags?post=3671"}],"curies":[{"name":"wp","href":"https:\/\/api.w.org\/{rel}","templated":true}]}}