{"id":4033,"date":"2022-04-17T18:26:27","date_gmt":"2022-04-17T17:26:27","guid":{"rendered":"https:\/\/blogsaverroes.juntadeandalucia.es\/ceipvirgendebelen\/?p=4033"},"modified":"2022-04-17T18:30:49","modified_gmt":"2022-04-17T17:30:49","slug":"4033-2","status":"publish","type":"post","link":"https:\/\/blogsaverroes.juntadeandalucia.es\/ceipvirgendebelen\/4033-2\/","title":{"rendered":"IV CERTAMEN LITERARIO PADRES\/MADRES"},"content":{"rendered":"<p><strong>&nbsp; &nbsp;BASES DEL CERTAMEN<\/strong><\/p>\n<p>1.- Pueden participar todos los padres, madres que lo deseen y tengan a sus hijos&nbsp; matriculados en el centro.<\/p>\n<p>2.-S\u00f3lo se entregar\u00e1 un trabajo por persona.<\/p>\n<p>3.- El tema de este a\u00f1o ser\u00e1 <strong>la PAZ<\/strong><\/p>\n<p>4.-El escrito tendr\u00e1 un m\u00e1ximo de 500 palabras.<\/p>\n<p>5.-No se admitir\u00e1n copias de trabajos ya publicados.<\/p>\n<p>6.- El jurado estar\u00e1 formado por personal del equipo de apoyo de la biblioteca.<\/p>\n<p>7.- Se conceder\u00e1n 3 premios, (1\u00ba, 2\u00ba y 3\u00ba)<\/p>\n<p>8.- Los premios consistir\u00e1n en libros y diplomas.<\/p>\n<p>9.- El&nbsp; plazo de presentaci\u00f3n ser\u00e1 desde el&nbsp; <strong>25 al 29 de Abril.<\/strong><\/p>\n<p>10.- La modalidad literaria de este concurso es la de CUENTO O RELATO.<\/p>\n<p>11.-Los trabajos se entregar\u00e1n en el correo del colegio: <a href=\"mailto:29004687.edu@juntadeandalucia.es\">29004687.edu@juntadeandalucia.es<\/a> poniendo en el asunto<\/p>\n<p>&nbsp;IV Certamen Literario y copia (dentro de un sobre con los datos personales dentro de otro sobre m\u00e1s peque\u00f1o para preservar el anonimato) en secretar\u00eda del centro o biblioteca.<\/p>\n<p>&nbsp;<\/p>\n<p>&nbsp;<\/p>\n<p>&nbsp;<\/p>\n<p>&nbsp;<\/p>\n<p>&nbsp;<\/p>\n","protected":false},"excerpt":{"rendered":"<p>&nbsp; &nbsp;BASES DEL CERTAMEN 1.- Pueden participar todos los padres, madres que lo deseen y tengan a sus hijos&nbsp; matriculados en el centro. 2.-S\u00f3lo se entregar\u00e1 un trabajo por persona. 3.- El tema de este a\u00f1o ser\u00e1 la PAZ 4.-El escrito tendr\u00e1 un m\u00e1ximo de 500 palabras. 5.-No se admitir\u00e1n copias de trabajos ya publicados. [&hellip;]<\/p>\n","protected":false},"author":11969,"featured_media":3983,"comment_status":"open","ping_status":"open","sticky":false,"template":"","format":"standard","meta":{"_et_pb_use_builder":"","_et_pb_old_content":"","_et_gb_content_width":"","ngg_post_thumbnail":0,"footnotes":""},"categories":[17],"tags":[],"aioseo_notices":[],"_links":{"self":[{"href":"https:\/\/blogsaverroes.juntadeandalucia.es\/ceipvirgendebelen\/wp-json\/wp\/v2\/posts\/4033"}],"collection":[{"href":"https:\/\/blogsaverroes.juntadeandalucia.es\/ceipvirgendebelen\/wp-json\/wp\/v2\/posts"}],"about":[{"href":"https:\/\/blogsaverroes.juntadeandalucia.es\/ceipvirgendebelen\/wp-json\/wp\/v2\/types\/post"}],"author":[{"embeddable":true,"href":"https:\/\/blogsaverroes.juntadeandalucia.es\/ceipvirgendebelen\/wp-json\/wp\/v2\/users\/11969"}],"replies":[{"embeddable":true,"href":"https:\/\/blogsaverroes.juntadeandalucia.es\/ceipvirgendebelen\/wp-json\/wp\/v2\/comments?post=4033"}],"version-history":[{"count":2,"href":"https:\/\/blogsaverroes.juntadeandalucia.es\/ceipvirgendebelen\/wp-json\/wp\/v2\/posts\/4033\/revisions"}],"predecessor-version":[{"id":4036,"href":"https:\/\/blogsaverroes.juntadeandalucia.es\/ceipvirgendebelen\/wp-json\/wp\/v2\/posts\/4033\/revisions\/4036"}],"wp:featuredmedia":[{"embeddable":true,"href":"https:\/\/blogsaverroes.juntadeandalucia.es\/ceipvirgendebelen\/wp-json\/wp\/v2\/media\/3983"}],"wp:attachment":[{"href":"https:\/\/blogsaverroes.juntadeandalucia.es\/ceipvirgendebelen\/wp-json\/wp\/v2\/media?parent=4033"}],"wp:term":[{"taxonomy":"category","embeddable":true,"href":"https:\/\/blogsaverroes.juntadeandalucia.es\/ceipvirgendebelen\/wp-json\/wp\/v2\/categories?post=4033"},{"taxonomy":"post_tag","embeddable":true,"href":"https:\/\/blogsaverroes.juntadeandalucia.es\/ceipvirgendebelen\/wp-json\/wp\/v2\/tags?post=4033"}],"curies":[{"name":"wp","href":"https:\/\/api.w.org\/{rel}","templated":true}]}}