{"id":4143,"date":"2022-05-28T14:54:18","date_gmt":"2022-05-28T13:54:18","guid":{"rendered":"https:\/\/blogsaverroes.juntadeandalucia.es\/ceipvirgendebelen\/?p=4143"},"modified":"2022-05-29T10:58:08","modified_gmt":"2022-05-29T09:58:08","slug":"jardin-la-concepcion","status":"publish","type":"post","link":"https:\/\/blogsaverroes.juntadeandalucia.es\/ceipvirgendebelen\/jardin-la-concepcion\/","title":{"rendered":"Jard\u00edn La Concepci\u00f3n"},"content":{"rendered":"\n<p>Estupenda jornada la de ayer de los m\u00e1s peque\u00f1os de primaria. Visita al #Jard\u00edn Bot\u00e1nico de la Concepci\u00f3n\u00a0 con #rutas para descubrir sus plantas, flores , \u00e1rboles\u00a0 y como \u00faltima actividad un taller de plantas #arom\u00e1ticas . Cuidamos el #mediombiente.<\/p>\n\n\n\n<figure class=\"wp-block-image size-large\"><img loading=\"lazy\" decoding=\"async\" width=\"921\" height=\"921\" src=\"https:\/\/blogsaverroes.juntadeandalucia.es\/ceipvirgendebelen\/files\/2022\/05\/img_20220528_155105_5093092838041130101807.jpg\" alt=\"\" class=\"wp-image-4139\" srcset=\"https:\/\/blogsaverroes.juntadeandalucia.es\/ceipvirgendebelen\/files\/2022\/05\/img_20220528_155105_5093092838041130101807.jpg 921w, https:\/\/blogsaverroes.juntadeandalucia.es\/ceipvirgendebelen\/files\/2022\/05\/img_20220528_155105_5093092838041130101807-480x480.jpg 480w\" sizes=\"(min-width: 0px) and (max-width: 480px) 480px, (min-width: 481px) 921px, 100vw\" \/><\/figure>\n\n\n\n<figure class=\"wp-block-image\"><img loading=\"lazy\" decoding=\"async\" width=\"921\" height=\"921\" src=\"https:\/\/blogsaverroes.juntadeandalucia.es\/ceipvirgendebelen\/files\/2022\/05\/img_20220528_155105_5914392465578685428010.jpg\" alt=\"\" class=\"wp-image-4137\" srcset=\"https:\/\/blogsaverroes.juntadeandalucia.es\/ceipvirgendebelen\/files\/2022\/05\/img_20220528_155105_5914392465578685428010.jpg 921w, https:\/\/blogsaverroes.juntadeandalucia.es\/ceipvirgendebelen\/files\/2022\/05\/img_20220528_155105_5914392465578685428010-480x480.jpg 480w\" sizes=\"(min-width: 0px) and (max-width: 480px) 480px, (min-width: 481px) 921px, 100vw\" \/><\/figure>\n\n\n\n<figure class=\"wp-block-image\"><img loading=\"lazy\" decoding=\"async\" width=\"921\" height=\"921\" src=\"https:\/\/blogsaverroes.juntadeandalucia.es\/ceipvirgendebelen\/files\/2022\/05\/img_20220528_155105_6106342703633602797352.jpg\" alt=\"\" class=\"wp-image-4136\" srcset=\"https:\/\/blogsaverroes.juntadeandalucia.es\/ceipvirgendebelen\/files\/2022\/05\/img_20220528_155105_6106342703633602797352.jpg 921w, https:\/\/blogsaverroes.juntadeandalucia.es\/ceipvirgendebelen\/files\/2022\/05\/img_20220528_155105_6106342703633602797352-480x480.jpg 480w\" sizes=\"(min-width: 0px) and (max-width: 480px) 480px, (min-width: 481px) 921px, 100vw\" \/><\/figure>\n\n\n\n<figure class=\"wp-block-image\"><img loading=\"lazy\" decoding=\"async\" width=\"921\" height=\"921\" src=\"https:\/\/blogsaverroes.juntadeandalucia.es\/ceipvirgendebelen\/files\/2022\/05\/img_20220528_155105_7285261329451057748678.jpg\" alt=\"\" class=\"wp-image-4138\" srcset=\"https:\/\/blogsaverroes.juntadeandalucia.es\/ceipvirgendebelen\/files\/2022\/05\/img_20220528_155105_7285261329451057748678.jpg 921w, https:\/\/blogsaverroes.juntadeandalucia.es\/ceipvirgendebelen\/files\/2022\/05\/img_20220528_155105_7285261329451057748678-480x480.jpg 480w\" sizes=\"(min-width: 0px) and (max-width: 480px) 480px, (min-width: 481px) 921px, 100vw\" \/><\/figure>\n\n\n\n<figure class=\"wp-block-image\"><img loading=\"lazy\" decoding=\"async\" width=\"921\" height=\"921\" src=\"https:\/\/blogsaverroes.juntadeandalucia.es\/ceipvirgendebelen\/files\/2022\/05\/img_20220528_155105_769555227561848180536.jpg\" alt=\"\" class=\"wp-image-4135\" srcset=\"https:\/\/blogsaverroes.juntadeandalucia.es\/ceipvirgendebelen\/files\/2022\/05\/img_20220528_155105_769555227561848180536.jpg 921w, https:\/\/blogsaverroes.juntadeandalucia.es\/ceipvirgendebelen\/files\/2022\/05\/img_20220528_155105_769555227561848180536-480x480.jpg 480w\" sizes=\"(min-width: 0px) and (max-width: 480px) 480px, (min-width: 481px) 921px, 100vw\" \/><\/figure>\n\n\n\n<figure class=\"wp-block-image\"><img loading=\"lazy\" decoding=\"async\" width=\"921\" height=\"921\" src=\"https:\/\/blogsaverroes.juntadeandalucia.es\/ceipvirgendebelen\/files\/2022\/05\/img_20220528_155105_7937650688906299436870.jpg\" alt=\"\" class=\"wp-image-4141\" srcset=\"https:\/\/blogsaverroes.juntadeandalucia.es\/ceipvirgendebelen\/files\/2022\/05\/img_20220528_155105_7937650688906299436870.jpg 921w, https:\/\/blogsaverroes.juntadeandalucia.es\/ceipvirgendebelen\/files\/2022\/05\/img_20220528_155105_7937650688906299436870-480x480.jpg 480w\" sizes=\"(min-width: 0px) and (max-width: 480px) 480px, (min-width: 481px) 921px, 100vw\" \/><\/figure>\n\n\n\n<figure class=\"wp-block-image\"><img loading=\"lazy\" decoding=\"async\" width=\"921\" height=\"921\" src=\"https:\/\/blogsaverroes.juntadeandalucia.es\/ceipvirgendebelen\/files\/2022\/05\/img_20220528_155105_8566336526997054373975.jpg\" alt=\"\" class=\"wp-image-4140\" srcset=\"https:\/\/blogsaverroes.juntadeandalucia.es\/ceipvirgendebelen\/files\/2022\/05\/img_20220528_155105_8566336526997054373975.jpg 921w, https:\/\/blogsaverroes.juntadeandalucia.es\/ceipvirgendebelen\/files\/2022\/05\/img_20220528_155105_8566336526997054373975-480x480.jpg 480w\" sizes=\"(min-width: 0px) and (max-width: 480px) 480px, (min-width: 481px) 921px, 100vw\" \/><\/figure>\n\n\n\n<figure class=\"wp-block-image\"><img loading=\"lazy\" decoding=\"async\" width=\"1440\" height=\"1440\" src=\"https:\/\/blogsaverroes.juntadeandalucia.es\/ceipvirgendebelen\/files\/2022\/05\/img_20220528_155105_8744783514574952656683.jpg\" alt=\"\" class=\"wp-image-4142\" srcset=\"https:\/\/blogsaverroes.juntadeandalucia.es\/ceipvirgendebelen\/files\/2022\/05\/img_20220528_155105_8744783514574952656683.jpg 1440w, https:\/\/blogsaverroes.juntadeandalucia.es\/ceipvirgendebelen\/files\/2022\/05\/img_20220528_155105_8744783514574952656683-1280x1280.jpg 1280w, https:\/\/blogsaverroes.juntadeandalucia.es\/ceipvirgendebelen\/files\/2022\/05\/img_20220528_155105_8744783514574952656683-980x980.jpg 980w, https:\/\/blogsaverroes.juntadeandalucia.es\/ceipvirgendebelen\/files\/2022\/05\/img_20220528_155105_8744783514574952656683-480x480.jpg 480w\" sizes=\"(min-width: 0px) and (max-width: 480px) 480px, (min-width: 481px) and (max-width: 980px) 980px, (min-width: 981px) and (max-width: 1280px) 1280px, (min-width: 1281px) 1440px, 100vw\" \/><\/figure>\n","protected":false},"excerpt":{"rendered":"<p>Estupenda jornada la de ayer de los m\u00e1s peque\u00f1os de primaria. Visita al #Jard\u00edn Bot\u00e1nico de la Concepci\u00f3n\u00a0 con #rutas para descubrir sus plantas, flores , \u00e1rboles\u00a0 y como \u00faltima actividad un taller de plantas #arom\u00e1ticas . Cuidamos el #mediombiente.<\/p>\n","protected":false},"author":11969,"featured_media":4145,"comment_status":"open","ping_status":"open","sticky":false,"template":"","format":"standard","meta":{"_et_pb_use_builder":"","_et_pb_old_content":"","_et_gb_content_width":"","ngg_post_thumbnail":0,"footnotes":""},"categories":[46,3],"tags":[],"aioseo_notices":[],"_links":{"self":[{"href":"https:\/\/blogsaverroes.juntadeandalucia.es\/ceipvirgendebelen\/wp-json\/wp\/v2\/posts\/4143"}],"collection":[{"href":"https:\/\/blogsaverroes.juntadeandalucia.es\/ceipvirgendebelen\/wp-json\/wp\/v2\/posts"}],"about":[{"href":"https:\/\/blogsaverroes.juntadeandalucia.es\/ceipvirgendebelen\/wp-json\/wp\/v2\/types\/post"}],"author":[{"embeddable":true,"href":"https:\/\/blogsaverroes.juntadeandalucia.es\/ceipvirgendebelen\/wp-json\/wp\/v2\/users\/11969"}],"replies":[{"embeddable":true,"href":"https:\/\/blogsaverroes.juntadeandalucia.es\/ceipvirgendebelen\/wp-json\/wp\/v2\/comments?post=4143"}],"version-history":[{"count":1,"href":"https:\/\/blogsaverroes.juntadeandalucia.es\/ceipvirgendebelen\/wp-json\/wp\/v2\/posts\/4143\/revisions"}],"predecessor-version":[{"id":4144,"href":"https:\/\/blogsaverroes.juntadeandalucia.es\/ceipvirgendebelen\/wp-json\/wp\/v2\/posts\/4143\/revisions\/4144"}],"wp:featuredmedia":[{"embeddable":true,"href":"https:\/\/blogsaverroes.juntadeandalucia.es\/ceipvirgendebelen\/wp-json\/wp\/v2\/media\/4145"}],"wp:attachment":[{"href":"https:\/\/blogsaverroes.juntadeandalucia.es\/ceipvirgendebelen\/wp-json\/wp\/v2\/media?parent=4143"}],"wp:term":[{"taxonomy":"category","embeddable":true,"href":"https:\/\/blogsaverroes.juntadeandalucia.es\/ceipvirgendebelen\/wp-json\/wp\/v2\/categories?post=4143"},{"taxonomy":"post_tag","embeddable":true,"href":"https:\/\/blogsaverroes.juntadeandalucia.es\/ceipvirgendebelen\/wp-json\/wp\/v2\/tags?post=4143"}],"curies":[{"name":"wp","href":"https:\/\/api.w.org\/{rel}","templated":true}]}}