{"id":4499,"date":"2022-11-02T22:42:36","date_gmt":"2022-11-02T21:42:36","guid":{"rendered":"https:\/\/blogsaverroes.juntadeandalucia.es\/ceipvirgendebelen\/?p=4499"},"modified":"2022-11-02T22:42:58","modified_gmt":"2022-11-02T21:42:58","slug":"halloween-22-23","status":"publish","type":"post","link":"https:\/\/blogsaverroes.juntadeandalucia.es\/ceipvirgendebelen\/halloween-22-23\/","title":{"rendered":"Halloween 22\/23"},"content":{"rendered":"<p>Este curso se han realizado muchos tallleres en los que han colaborado las familias , alumnos del Medac. Nos ha encantado disfrazarnos, juegos deportivos y canciones ambientadas en temas de Halloween, audiocuentos de creaci\u00f3n propia, montones de manualidades y dibujos que nos encantan. Aqu\u00ed una pizca de todo lo realizado estos d\u00edas, gracias a todos por vuestra aportaci\u00f3n.<\/p>\n<p><iframe loading=\"lazy\" src=\"https:\/\/drive.google.com\/file\/d\/1tQuEvx1JW0XVVJW1P5cLwYGDlYYI30as\/preview\" width=\"640\" height=\"480\"><\/iframe><\/p>\n","protected":false},"excerpt":{"rendered":"<p>Este curso se han realizado muchos tallleres en los que han colaborado las familias , alumnos del Medac. Nos ha encantado disfrazarnos, juegos deportivos y canciones ambientadas en temas de Halloween, audiocuentos de creaci\u00f3n propia, montones de manualidades y dibujos que nos encantan. Aqu\u00ed una pizca de todo lo realizado estos d\u00edas, gracias a todos [&hellip;]<\/p>\n","protected":false},"author":11969,"featured_media":4500,"comment_status":"open","ping_status":"open","sticky":false,"template":"","format":"standard","meta":{"_et_pb_use_builder":"","_et_pb_old_content":"","_et_gb_content_width":"","ngg_post_thumbnail":0,"footnotes":""},"categories":[46,3],"tags":[],"aioseo_notices":[],"_links":{"self":[{"href":"https:\/\/blogsaverroes.juntadeandalucia.es\/ceipvirgendebelen\/wp-json\/wp\/v2\/posts\/4499"}],"collection":[{"href":"https:\/\/blogsaverroes.juntadeandalucia.es\/ceipvirgendebelen\/wp-json\/wp\/v2\/posts"}],"about":[{"href":"https:\/\/blogsaverroes.juntadeandalucia.es\/ceipvirgendebelen\/wp-json\/wp\/v2\/types\/post"}],"author":[{"embeddable":true,"href":"https:\/\/blogsaverroes.juntadeandalucia.es\/ceipvirgendebelen\/wp-json\/wp\/v2\/users\/11969"}],"replies":[{"embeddable":true,"href":"https:\/\/blogsaverroes.juntadeandalucia.es\/ceipvirgendebelen\/wp-json\/wp\/v2\/comments?post=4499"}],"version-history":[{"count":1,"href":"https:\/\/blogsaverroes.juntadeandalucia.es\/ceipvirgendebelen\/wp-json\/wp\/v2\/posts\/4499\/revisions"}],"predecessor-version":[{"id":4501,"href":"https:\/\/blogsaverroes.juntadeandalucia.es\/ceipvirgendebelen\/wp-json\/wp\/v2\/posts\/4499\/revisions\/4501"}],"wp:featuredmedia":[{"embeddable":true,"href":"https:\/\/blogsaverroes.juntadeandalucia.es\/ceipvirgendebelen\/wp-json\/wp\/v2\/media\/4500"}],"wp:attachment":[{"href":"https:\/\/blogsaverroes.juntadeandalucia.es\/ceipvirgendebelen\/wp-json\/wp\/v2\/media?parent=4499"}],"wp:term":[{"taxonomy":"category","embeddable":true,"href":"https:\/\/blogsaverroes.juntadeandalucia.es\/ceipvirgendebelen\/wp-json\/wp\/v2\/categories?post=4499"},{"taxonomy":"post_tag","embeddable":true,"href":"https:\/\/blogsaverroes.juntadeandalucia.es\/ceipvirgendebelen\/wp-json\/wp\/v2\/tags?post=4499"}],"curies":[{"name":"wp","href":"https:\/\/api.w.org\/{rel}","templated":true}]}}