{"id":4708,"date":"2023-01-27T22:41:36","date_gmt":"2023-01-27T21:41:36","guid":{"rendered":"https:\/\/blogsaverroes.juntadeandalucia.es\/ceipvirgendebelen\/?p=4708"},"modified":"2023-01-28T12:13:38","modified_gmt":"2023-01-28T11:13:38","slug":"educacion-ambiental","status":"publish","type":"post","link":"https:\/\/blogsaverroes.juntadeandalucia.es\/ceipvirgendebelen\/educacion-ambiental\/","title":{"rendered":"Educaci\u00f3n ambiental"},"content":{"rendered":"<p>El Jueves 26 de Enero de 2023.<br \/>\n#D\u00eda Mundial de la Educaci\u00f3n Ambiental.<\/p>\n<p>As\u00ed disfrutamos el d\u00eda, fomentando el conocimiento de la #Naturaleza en La T\u00e9rmica.<br \/>\nCon charla proyecto adaptarse al #CambioClim\u00e1tico y la #biodiversidad urbana.<br \/>\n&nbsp;<br \/>\nRealizaron un<br \/>\nrecorrido demostrativo por los jardines de la T\u00e9rmica mostrando la #diversidad de especies de animales y plantas &nbsp;que podemos ver en las ciudades.<\/p>\n<p>En el paseo se realizaron paradas de observaci\u00f3n y se colocar\u00e1n cajas nidos en los \u00e1rboles del recinto de la T\u00e9rmica y Hoteles de insecto.<\/p>\n<p>Para finalizar se efectu\u00f3 una demostraci\u00f3n de plantaci\u00f3n de \u00e1rboles.<\/p>\n<p>Bonita y disfrutada jornada.Gracias<\/p>\n<p>&nbsp;<\/p>\n<p>Publicado en :<\/p>\n<p><a href=\"https:\/\/www.malaga.es\/medioambiente\/1330\/com1_md3_cd-47212\/la-diputacion-celebra-el-dia-mundial-de-la-educacion-ambiental-con\">https:\/\/www.malaga.es\/medioambiente\/1330\/com1_md3_cd-47212\/la-diputacion-celebra-el-dia-mundial-de-la-educacion-ambiental-con<\/a>-escolares<\/p>\n<p><img loading=\"lazy\" decoding=\"async\" class=\"alignleft size-medium wp-image-4714\" src=\"https:\/\/blogsaverroes.juntadeandalucia.es\/ceipvirgendebelen\/files\/2023\/01\/IMG-20230126-WA0026-300x135.jpg\" alt=\"\" width=\"300\" height=\"135\"\/><img loading=\"lazy\" decoding=\"async\" class=\"alignleft size-medium wp-image-4710\" src=\"https:\/\/blogsaverroes.juntadeandalucia.es\/ceipvirgendebelen\/files\/2023\/01\/IMG-20230126-WA0027-300x135.jpg\" alt=\"\" width=\"300\" height=\"135\"\/><\/p>\n","protected":false},"excerpt":{"rendered":"<p>El Jueves 26 de Enero de 2023. #D\u00eda Mundial de la Educaci\u00f3n Ambiental. As\u00ed disfrutamos el d\u00eda, fomentando el conocimiento de la #Naturaleza en La T\u00e9rmica. Con charla proyecto adaptarse al #CambioClim\u00e1tico y la #biodiversidad urbana. &nbsp; Realizaron un recorrido demostrativo por los jardines de la T\u00e9rmica mostrando la #diversidad de especies de animales y [&hellip;]<\/p>\n","protected":false},"author":11969,"featured_media":4709,"comment_status":"open","ping_status":"open","sticky":false,"template":"","format":"standard","meta":{"_et_pb_use_builder":"","_et_pb_old_content":"","_et_gb_content_width":"","ngg_post_thumbnail":0,"footnotes":""},"categories":[15,26,46],"tags":[],"aioseo_notices":[],"_links":{"self":[{"href":"https:\/\/blogsaverroes.juntadeandalucia.es\/ceipvirgendebelen\/wp-json\/wp\/v2\/posts\/4708"}],"collection":[{"href":"https:\/\/blogsaverroes.juntadeandalucia.es\/ceipvirgendebelen\/wp-json\/wp\/v2\/posts"}],"about":[{"href":"https:\/\/blogsaverroes.juntadeandalucia.es\/ceipvirgendebelen\/wp-json\/wp\/v2\/types\/post"}],"author":[{"embeddable":true,"href":"https:\/\/blogsaverroes.juntadeandalucia.es\/ceipvirgendebelen\/wp-json\/wp\/v2\/users\/11969"}],"replies":[{"embeddable":true,"href":"https:\/\/blogsaverroes.juntadeandalucia.es\/ceipvirgendebelen\/wp-json\/wp\/v2\/comments?post=4708"}],"version-history":[{"count":3,"href":"https:\/\/blogsaverroes.juntadeandalucia.es\/ceipvirgendebelen\/wp-json\/wp\/v2\/posts\/4708\/revisions"}],"predecessor-version":[{"id":4721,"href":"https:\/\/blogsaverroes.juntadeandalucia.es\/ceipvirgendebelen\/wp-json\/wp\/v2\/posts\/4708\/revisions\/4721"}],"wp:featuredmedia":[{"embeddable":true,"href":"https:\/\/blogsaverroes.juntadeandalucia.es\/ceipvirgendebelen\/wp-json\/wp\/v2\/media\/4709"}],"wp:attachment":[{"href":"https:\/\/blogsaverroes.juntadeandalucia.es\/ceipvirgendebelen\/wp-json\/wp\/v2\/media?parent=4708"}],"wp:term":[{"taxonomy":"category","embeddable":true,"href":"https:\/\/blogsaverroes.juntadeandalucia.es\/ceipvirgendebelen\/wp-json\/wp\/v2\/categories?post=4708"},{"taxonomy":"post_tag","embeddable":true,"href":"https:\/\/blogsaverroes.juntadeandalucia.es\/ceipvirgendebelen\/wp-json\/wp\/v2\/tags?post=4708"}],"curies":[{"name":"wp","href":"https:\/\/api.w.org\/{rel}","templated":true}]}}