{"id":5260,"date":"2023-11-23T23:53:18","date_gmt":"2023-11-23T22:53:18","guid":{"rendered":"https:\/\/blogsaverroes.juntadeandalucia.es\/ceipvirgendebelen\/?p=5260"},"modified":"2023-11-23T23:54:16","modified_gmt":"2023-11-23T22:54:16","slug":"flamenco","status":"publish","type":"post","link":"https:\/\/blogsaverroes.juntadeandalucia.es\/ceipvirgendebelen\/flamenco\/","title":{"rendered":"D\u00eda del Flamenco"},"content":{"rendered":"<p>No pod\u00edamos dejar pasar esta fecha tan especial para nuestra cultura musical y popular en Andaluc\u00eda. Nuestros peque\u00f1os empiezan a disfrutarlo y&nbsp; experimentarlo. Esa&nbsp; puesta en escena tan cuidada por el profesor&nbsp; de m\u00fasica de nuestro centro a\u00fan les engancha m\u00e1s.<\/p>\n<p>Hoy os compartimos un v\u00eddeo resumen con algunos gui\u00f1os especiales. Nos encanta ver el inter\u00e9s y entusiasmo que ponen en sus interpretaciones.<\/p>\n<p><a href=\"https:\/\/drive.google.com\/file\/d\/1kZ7VYojKNNXg8aDssInDI35ibQcXOe_s\/view?usp=sharing\">Aqu\u00ed los tenemos interpretando&nbsp; &nbsp;Verde de Garc\u00eda Lorca , sevillanas y&nbsp; mucho m\u00e1s.<\/a><\/p>\n<p>&nbsp;<br \/>\n<iframe loading=\"lazy\" src=\"https:\/\/drive.google.com\/file\/d\/1kZ7VYojKNNXg8aDssInDI35ibQcXOe_s\/preview\" width=\"640\" height=\"480\"><\/iframe>&nbsp;<\/p>\n<p>&nbsp;<\/p>\n<p>&nbsp;<\/p>\n<p>&nbsp;<\/p>\n","protected":false},"excerpt":{"rendered":"<p>No pod\u00edamos dejar pasar esta fecha tan especial para nuestra cultura musical y popular en Andaluc\u00eda. Nuestros peque\u00f1os empiezan a disfrutarlo y&nbsp; experimentarlo. Esa&nbsp; puesta en escena tan cuidada por el profesor&nbsp; de m\u00fasica de nuestro centro a\u00fan les engancha m\u00e1s. Hoy os compartimos un v\u00eddeo resumen con algunos gui\u00f1os especiales. Nos encanta ver el [&hellip;]<\/p>\n","protected":false},"author":11969,"featured_media":5261,"comment_status":"open","ping_status":"open","sticky":false,"template":"","format":"standard","meta":{"_et_pb_use_builder":"","_et_pb_old_content":"","_et_gb_content_width":"","ngg_post_thumbnail":0,"footnotes":""},"categories":[3],"tags":[],"aioseo_notices":[],"_links":{"self":[{"href":"https:\/\/blogsaverroes.juntadeandalucia.es\/ceipvirgendebelen\/wp-json\/wp\/v2\/posts\/5260"}],"collection":[{"href":"https:\/\/blogsaverroes.juntadeandalucia.es\/ceipvirgendebelen\/wp-json\/wp\/v2\/posts"}],"about":[{"href":"https:\/\/blogsaverroes.juntadeandalucia.es\/ceipvirgendebelen\/wp-json\/wp\/v2\/types\/post"}],"author":[{"embeddable":true,"href":"https:\/\/blogsaverroes.juntadeandalucia.es\/ceipvirgendebelen\/wp-json\/wp\/v2\/users\/11969"}],"replies":[{"embeddable":true,"href":"https:\/\/blogsaverroes.juntadeandalucia.es\/ceipvirgendebelen\/wp-json\/wp\/v2\/comments?post=5260"}],"version-history":[{"count":3,"href":"https:\/\/blogsaverroes.juntadeandalucia.es\/ceipvirgendebelen\/wp-json\/wp\/v2\/posts\/5260\/revisions"}],"predecessor-version":[{"id":5264,"href":"https:\/\/blogsaverroes.juntadeandalucia.es\/ceipvirgendebelen\/wp-json\/wp\/v2\/posts\/5260\/revisions\/5264"}],"wp:featuredmedia":[{"embeddable":true,"href":"https:\/\/blogsaverroes.juntadeandalucia.es\/ceipvirgendebelen\/wp-json\/wp\/v2\/media\/5261"}],"wp:attachment":[{"href":"https:\/\/blogsaverroes.juntadeandalucia.es\/ceipvirgendebelen\/wp-json\/wp\/v2\/media?parent=5260"}],"wp:term":[{"taxonomy":"category","embeddable":true,"href":"https:\/\/blogsaverroes.juntadeandalucia.es\/ceipvirgendebelen\/wp-json\/wp\/v2\/categories?post=5260"},{"taxonomy":"post_tag","embeddable":true,"href":"https:\/\/blogsaverroes.juntadeandalucia.es\/ceipvirgendebelen\/wp-json\/wp\/v2\/tags?post=5260"}],"curies":[{"name":"wp","href":"https:\/\/api.w.org\/{rel}","templated":true}]}}