{"id":5726,"date":"2024-06-27T11:31:40","date_gmt":"2024-06-27T10:31:40","guid":{"rendered":"https:\/\/blogsaverroes.juntadeandalucia.es\/ceipvirgendebelen\/?p=5726"},"modified":"2024-06-27T11:31:40","modified_gmt":"2024-06-27T10:31:40","slug":"3-anos","status":"publish","type":"post","link":"https:\/\/blogsaverroes.juntadeandalucia.es\/ceipvirgendebelen\/3-anos\/","title":{"rendered":"3 A\u00d1OS"},"content":{"rendered":"<p>Recomendaciones&nbsp; para el alumnado de nueva incorporaci\u00f3n&nbsp; de tres a\u00f1os&nbsp; a nuestro centro. Fecha de reuni\u00f3n e informaci\u00f3n con los tutores asignados el 3 de septiembre en el edificio de Infantil a las 10:00h. Tambi\u00e9n os dejamos los libros&nbsp; que utilizar\u00e1n <a href=\"https:\/\/blogsaverroes.juntadeandalucia.es\/ceipvirgendebelen\/curso-escolar\/libros\/\">en este enlace.<\/a><\/p>\n<p>&nbsp;<br \/>\n<iframe loading=\"lazy\" src=\"https:\/\/drive.google.com\/file\/d\/16ww8tm9WzA6y8zRWv39X0Jp27mYTfgGI\/preview\" width=\"640\" height=\"1680\"><\/iframe><\/p>\n","protected":false},"excerpt":{"rendered":"<p>Recomendaciones&nbsp; para el alumnado de nueva incorporaci\u00f3n&nbsp; de tres a\u00f1os&nbsp; a nuestro centro. Fecha de reuni\u00f3n e informaci\u00f3n con los tutores asignados el 3 de septiembre en el edificio de Infantil a las 10:00h. Tambi\u00e9n os dejamos los libros&nbsp; que utilizar\u00e1n en este enlace. &nbsp;<\/p>\n","protected":false},"author":11969,"featured_media":5727,"comment_status":"open","ping_status":"open","sticky":false,"template":"","format":"standard","meta":{"_et_pb_use_builder":"","_et_pb_old_content":"","_et_gb_content_width":"","ngg_post_thumbnail":0,"footnotes":""},"categories":[3],"tags":[],"aioseo_notices":[],"_links":{"self":[{"href":"https:\/\/blogsaverroes.juntadeandalucia.es\/ceipvirgendebelen\/wp-json\/wp\/v2\/posts\/5726"}],"collection":[{"href":"https:\/\/blogsaverroes.juntadeandalucia.es\/ceipvirgendebelen\/wp-json\/wp\/v2\/posts"}],"about":[{"href":"https:\/\/blogsaverroes.juntadeandalucia.es\/ceipvirgendebelen\/wp-json\/wp\/v2\/types\/post"}],"author":[{"embeddable":true,"href":"https:\/\/blogsaverroes.juntadeandalucia.es\/ceipvirgendebelen\/wp-json\/wp\/v2\/users\/11969"}],"replies":[{"embeddable":true,"href":"https:\/\/blogsaverroes.juntadeandalucia.es\/ceipvirgendebelen\/wp-json\/wp\/v2\/comments?post=5726"}],"version-history":[{"count":1,"href":"https:\/\/blogsaverroes.juntadeandalucia.es\/ceipvirgendebelen\/wp-json\/wp\/v2\/posts\/5726\/revisions"}],"predecessor-version":[{"id":5728,"href":"https:\/\/blogsaverroes.juntadeandalucia.es\/ceipvirgendebelen\/wp-json\/wp\/v2\/posts\/5726\/revisions\/5728"}],"wp:featuredmedia":[{"embeddable":true,"href":"https:\/\/blogsaverroes.juntadeandalucia.es\/ceipvirgendebelen\/wp-json\/wp\/v2\/media\/5727"}],"wp:attachment":[{"href":"https:\/\/blogsaverroes.juntadeandalucia.es\/ceipvirgendebelen\/wp-json\/wp\/v2\/media?parent=5726"}],"wp:term":[{"taxonomy":"category","embeddable":true,"href":"https:\/\/blogsaverroes.juntadeandalucia.es\/ceipvirgendebelen\/wp-json\/wp\/v2\/categories?post=5726"},{"taxonomy":"post_tag","embeddable":true,"href":"https:\/\/blogsaverroes.juntadeandalucia.es\/ceipvirgendebelen\/wp-json\/wp\/v2\/tags?post=5726"}],"curies":[{"name":"wp","href":"https:\/\/api.w.org\/{rel}","templated":true}]}}