{"id":5769,"date":"2024-07-10T14:18:35","date_gmt":"2024-07-10T13:18:35","guid":{"rendered":"https:\/\/blogsaverroes.juntadeandalucia.es\/ceipvirgendebelen\/?p=5769"},"modified":"2024-07-10T14:18:35","modified_gmt":"2024-07-10T13:18:35","slug":"escolafonia-2024","status":"publish","type":"post","link":"https:\/\/blogsaverroes.juntadeandalucia.es\/ceipvirgendebelen\/escolafonia-2024\/","title":{"rendered":"ESCOLAFON\u00cdA 2024"},"content":{"rendered":"<p>Por fin disponemos de la versi\u00f3n completa de la actividad realizada por el alumnado de quinto con el profesor de m\u00fasica Bruno &#8221; &#8220;Rebobinando al futuro&#8221; en el Conservatorio Superior de M\u00fasica de M\u00e1laga. Este a\u00f1o han participado muchos colegios teniendo que realizarse cuatro pases.<\/p>\n<p>Interpretaron un mont\u00f3n de canciones conocidas, se teatraliz\u00f3 de la mano del Teacher Andr\u00e9s, se acompa\u00f1\u00f3 de coreograf\u00edas interpretadas por los propios alumnos e incluso se dise\u00f1\u00f3 un escenario especial con nuestro coche de luces y efectos m\u00faltiples ideado por el profe Miguel.<\/p>\n<p>Si quer\u00e9is disfrutarlo, revivirlo o conocerlo aqu\u00ed la versi\u00f3n completa:<\/p>\n<p><iframe loading=\"lazy\" src=\"https:\/\/www.youtube.com\/embed\/zjeV2tXY-I4?si=424VPaCtAlO7XIFY\" width=\"560\" height=\"315\" frameborder=\"0\"><\/iframe><\/p>\n","protected":false},"excerpt":{"rendered":"<p>Por fin disponemos de la versi\u00f3n completa de la actividad realizada por el alumnado de quinto con el profesor de m\u00fasica Bruno &#8221; &#8220;Rebobinando al futuro&#8221; en el Conservatorio Superior de M\u00fasica de M\u00e1laga. Este a\u00f1o han participado muchos colegios teniendo que realizarse cuatro pases. Interpretaron un mont\u00f3n de canciones conocidas, se teatraliz\u00f3 de la [&hellip;]<\/p>\n","protected":false},"author":11969,"featured_media":0,"comment_status":"open","ping_status":"open","sticky":false,"template":"","format":"standard","meta":{"_et_pb_use_builder":"","_et_pb_old_content":"","_et_gb_content_width":"","ngg_post_thumbnail":0,"footnotes":""},"categories":[46,3],"tags":[],"aioseo_notices":[],"_links":{"self":[{"href":"https:\/\/blogsaverroes.juntadeandalucia.es\/ceipvirgendebelen\/wp-json\/wp\/v2\/posts\/5769"}],"collection":[{"href":"https:\/\/blogsaverroes.juntadeandalucia.es\/ceipvirgendebelen\/wp-json\/wp\/v2\/posts"}],"about":[{"href":"https:\/\/blogsaverroes.juntadeandalucia.es\/ceipvirgendebelen\/wp-json\/wp\/v2\/types\/post"}],"author":[{"embeddable":true,"href":"https:\/\/blogsaverroes.juntadeandalucia.es\/ceipvirgendebelen\/wp-json\/wp\/v2\/users\/11969"}],"replies":[{"embeddable":true,"href":"https:\/\/blogsaverroes.juntadeandalucia.es\/ceipvirgendebelen\/wp-json\/wp\/v2\/comments?post=5769"}],"version-history":[{"count":1,"href":"https:\/\/blogsaverroes.juntadeandalucia.es\/ceipvirgendebelen\/wp-json\/wp\/v2\/posts\/5769\/revisions"}],"predecessor-version":[{"id":5770,"href":"https:\/\/blogsaverroes.juntadeandalucia.es\/ceipvirgendebelen\/wp-json\/wp\/v2\/posts\/5769\/revisions\/5770"}],"wp:attachment":[{"href":"https:\/\/blogsaverroes.juntadeandalucia.es\/ceipvirgendebelen\/wp-json\/wp\/v2\/media?parent=5769"}],"wp:term":[{"taxonomy":"category","embeddable":true,"href":"https:\/\/blogsaverroes.juntadeandalucia.es\/ceipvirgendebelen\/wp-json\/wp\/v2\/categories?post=5769"},{"taxonomy":"post_tag","embeddable":true,"href":"https:\/\/blogsaverroes.juntadeandalucia.es\/ceipvirgendebelen\/wp-json\/wp\/v2\/tags?post=5769"}],"curies":[{"name":"wp","href":"https:\/\/api.w.org\/{rel}","templated":true}]}}