{"id":5823,"date":"2024-10-30T20:55:24","date_gmt":"2024-10-30T19:55:24","guid":{"rendered":"https:\/\/blogsaverroes.juntadeandalucia.es\/ceipvirgendebelen\/?p=5823"},"modified":"2024-10-30T21:23:39","modified_gmt":"2024-10-30T20:23:39","slug":"halloween-24-25","status":"publish","type":"post","link":"https:\/\/blogsaverroes.juntadeandalucia.es\/ceipvirgendebelen\/halloween-24-25\/","title":{"rendered":"Halloween 24\/25"},"content":{"rendered":"<p>Ma\u00f1ana podr\u00e1 venir tu hijo\/a <span class=\"x7l2uk3 xt0e3qv\">disfrazado<\/span> al colegio. Os dejamos una peque\u00f1a <span class=\"x7l2uk3 xt0e3qv\">animaci\u00f3n<\/span> para los padres\/madres y m\u00e1s adelante el resumen del d\u00eda.<\/p>\n<p>Todas las clases, siempre que el alumno quiera, bajar\u00e1n a ver las representaciones de sus compa\u00f1eros de quinto para recorrer el laberinto de &#8220;Halloween&#8221; en el vest\u00edbulo.<\/p>\n<p>Por la tarde desde el Ampa se organizan unos juegos cooperativos y podr\u00e1 visitar con sus hijos las actuaciones y decorados si dispone de sus respectivas entradas.<\/p>\n<p>Os esperamos .<\/p>\n<p>Happy Halloween!<\/p>\n<p><iframe loading=\"lazy\" src=\"https:\/\/drive.google.com\/file\/d\/17S_GTjTem9-WNqvBThkTYWe9tedW3Ev4\/preview\" width=\"640\" height=\"480\"><\/iframe><\/p>\n","protected":false},"excerpt":{"rendered":"<p>Ma\u00f1ana podr\u00e1 venir tu hijo\/a disfrazado al colegio. Os dejamos una peque\u00f1a animaci\u00f3n para los padres\/madres y m\u00e1s adelante el resumen del d\u00eda. Todas las clases, siempre que el alumno quiera, bajar\u00e1n a ver las representaciones de sus compa\u00f1eros de quinto para recorrer el laberinto de &#8220;Halloween&#8221; en el vest\u00edbulo. Por la tarde desde el [&hellip;]<\/p>\n","protected":false},"author":11969,"featured_media":5824,"comment_status":"open","ping_status":"open","sticky":false,"template":"","format":"standard","meta":{"_et_pb_use_builder":"","_et_pb_old_content":"","_et_gb_content_width":"","ngg_post_thumbnail":0,"footnotes":""},"categories":[15,17,24],"tags":[],"aioseo_notices":[],"_links":{"self":[{"href":"https:\/\/blogsaverroes.juntadeandalucia.es\/ceipvirgendebelen\/wp-json\/wp\/v2\/posts\/5823"}],"collection":[{"href":"https:\/\/blogsaverroes.juntadeandalucia.es\/ceipvirgendebelen\/wp-json\/wp\/v2\/posts"}],"about":[{"href":"https:\/\/blogsaverroes.juntadeandalucia.es\/ceipvirgendebelen\/wp-json\/wp\/v2\/types\/post"}],"author":[{"embeddable":true,"href":"https:\/\/blogsaverroes.juntadeandalucia.es\/ceipvirgendebelen\/wp-json\/wp\/v2\/users\/11969"}],"replies":[{"embeddable":true,"href":"https:\/\/blogsaverroes.juntadeandalucia.es\/ceipvirgendebelen\/wp-json\/wp\/v2\/comments?post=5823"}],"version-history":[{"count":3,"href":"https:\/\/blogsaverroes.juntadeandalucia.es\/ceipvirgendebelen\/wp-json\/wp\/v2\/posts\/5823\/revisions"}],"predecessor-version":[{"id":5827,"href":"https:\/\/blogsaverroes.juntadeandalucia.es\/ceipvirgendebelen\/wp-json\/wp\/v2\/posts\/5823\/revisions\/5827"}],"wp:featuredmedia":[{"embeddable":true,"href":"https:\/\/blogsaverroes.juntadeandalucia.es\/ceipvirgendebelen\/wp-json\/wp\/v2\/media\/5824"}],"wp:attachment":[{"href":"https:\/\/blogsaverroes.juntadeandalucia.es\/ceipvirgendebelen\/wp-json\/wp\/v2\/media?parent=5823"}],"wp:term":[{"taxonomy":"category","embeddable":true,"href":"https:\/\/blogsaverroes.juntadeandalucia.es\/ceipvirgendebelen\/wp-json\/wp\/v2\/categories?post=5823"},{"taxonomy":"post_tag","embeddable":true,"href":"https:\/\/blogsaverroes.juntadeandalucia.es\/ceipvirgendebelen\/wp-json\/wp\/v2\/tags?post=5823"}],"curies":[{"name":"wp","href":"https:\/\/api.w.org\/{rel}","templated":true}]}}