{"id":5931,"date":"2025-05-27T18:19:13","date_gmt":"2025-05-27T17:19:13","guid":{"rendered":"https:\/\/blogsaverroes.juntadeandalucia.es\/ceipvirgendebelen\/?p=5931"},"modified":"2025-05-27T18:19:13","modified_gmt":"2025-05-27T17:19:13","slug":"semana-cultural","status":"publish","type":"post","link":"https:\/\/blogsaverroes.juntadeandalucia.es\/ceipvirgendebelen\/semana-cultural\/","title":{"rendered":"Semana Cultural"},"content":{"rendered":"<p><span style=\"font-size: 21px\">\u00a1Ya ha arrancado nuestra Semana Cultural!<\/span><\/p>\n<p>Este curso se celebra del 26 al 30 de mayo y para esta&nbsp; edici\u00f3n se han organizado muchas y muy variadas actividades,talleres, exposiciones y actuaciones que nuestro claustro y alumnado han preparado con gran esfuerzo e ilusi\u00f3n.<\/p>\n<p>Adem\u00e1s, en esta edici\u00f3n celebramos 10 a\u00f1os de nuestros Juegos Ol\u00edmpicos escolares.<\/p>\n<p>Os presentamos nuestro cartel&nbsp; y podcast&nbsp; alusivo<\/p>\n<p>A diario iremos publicando los mejores momentos vividos en cada jornada a trav\u00e9s de nuestra cuenta de<a href=\"https:\/\/www.instagram.com\/ceip_virgen_de_belen\/\"> Instagram.<\/a><\/p>\n<p>&nbsp;<\/p>\n<!--[if lt IE 9]><script>document.createElement('audio');<\/script><![endif]-->\n\t<div class=\"wp-playlist wp-audio-playlist wp-playlist-light\">\n\t\t\t<div class=\"wp-playlist-current-item\"><\/div>\n\t\t<audio controls=\"controls\" preload=\"none\" width=\"1058\"\n\t\t\t><\/audio>\n\t<div class=\"wp-playlist-next\"><\/div>\n\t<div class=\"wp-playlist-prev\"><\/div>\n\t<noscript>\n\t<ol>\n\t\t<li><a href='https:\/\/blogsaverroes.juntadeandalucia.es\/ceipvirgendebelen\/files\/2025\/05\/semana-cultural.mp3'>semana cultural<\/a><\/li>\t<\/ol>\n\t<\/noscript>\n\t<script type=\"application\/json\" class=\"wp-playlist-script\">{\"type\":\"audio\",\"tracklist\":true,\"tracknumbers\":true,\"images\":true,\"artists\":true,\"tracks\":[{\"src\":\"https:\\\/\\\/blogsaverroes.juntadeandalucia.es\\\/ceipvirgendebelen\\\/files\\\/2025\\\/05\\\/semana-cultural.mp3\",\"type\":\"audio\\\/mpeg\",\"title\":\"semana cultural\",\"caption\":\"\",\"description\":\"\\u00absemana cultural\\u00bb.\",\"meta\":{\"length_formatted\":\"2:17\"},\"image\":{\"src\":\"https:\\\/\\\/blogsaverroes.juntadeandalucia.es\\\/ceipvirgendebelen\\\/wp-includes\\\/images\\\/media\\\/audio.png\",\"width\":48,\"height\":64},\"thumb\":{\"src\":\"https:\\\/\\\/blogsaverroes.juntadeandalucia.es\\\/ceipvirgendebelen\\\/wp-includes\\\/images\\\/media\\\/audio.png\",\"width\":48,\"height\":64}}]}<\/script>\n<\/div>\n\t\n<p>&nbsp;<\/p>\n","protected":false},"excerpt":{"rendered":"<p>\u00a1Ya ha arrancado nuestra Semana Cultural! Este curso se celebra del 26 al 30 de mayo y para esta&nbsp; edici\u00f3n se han organizado muchas y muy variadas actividades,talleres, exposiciones y actuaciones que nuestro claustro y alumnado han preparado con gran esfuerzo e ilusi\u00f3n. Adem\u00e1s, en esta edici\u00f3n celebramos 10 a\u00f1os de nuestros Juegos Ol\u00edmpicos escolares. [&hellip;]<\/p>\n","protected":false},"author":19419,"featured_media":5936,"comment_status":"open","ping_status":"open","sticky":false,"template":"","format":"standard","meta":{"_et_pb_use_builder":"","_et_pb_old_content":"","_et_gb_content_width":"","ngg_post_thumbnail":0,"footnotes":""},"categories":[3],"tags":[],"aioseo_notices":[],"_links":{"self":[{"href":"https:\/\/blogsaverroes.juntadeandalucia.es\/ceipvirgendebelen\/wp-json\/wp\/v2\/posts\/5931"}],"collection":[{"href":"https:\/\/blogsaverroes.juntadeandalucia.es\/ceipvirgendebelen\/wp-json\/wp\/v2\/posts"}],"about":[{"href":"https:\/\/blogsaverroes.juntadeandalucia.es\/ceipvirgendebelen\/wp-json\/wp\/v2\/types\/post"}],"author":[{"embeddable":true,"href":"https:\/\/blogsaverroes.juntadeandalucia.es\/ceipvirgendebelen\/wp-json\/wp\/v2\/users\/19419"}],"replies":[{"embeddable":true,"href":"https:\/\/blogsaverroes.juntadeandalucia.es\/ceipvirgendebelen\/wp-json\/wp\/v2\/comments?post=5931"}],"version-history":[{"count":2,"href":"https:\/\/blogsaverroes.juntadeandalucia.es\/ceipvirgendebelen\/wp-json\/wp\/v2\/posts\/5931\/revisions"}],"predecessor-version":[{"id":5935,"href":"https:\/\/blogsaverroes.juntadeandalucia.es\/ceipvirgendebelen\/wp-json\/wp\/v2\/posts\/5931\/revisions\/5935"}],"wp:featuredmedia":[{"embeddable":true,"href":"https:\/\/blogsaverroes.juntadeandalucia.es\/ceipvirgendebelen\/wp-json\/wp\/v2\/media\/5936"}],"wp:attachment":[{"href":"https:\/\/blogsaverroes.juntadeandalucia.es\/ceipvirgendebelen\/wp-json\/wp\/v2\/media?parent=5931"}],"wp:term":[{"taxonomy":"category","embeddable":true,"href":"https:\/\/blogsaverroes.juntadeandalucia.es\/ceipvirgendebelen\/wp-json\/wp\/v2\/categories?post=5931"},{"taxonomy":"post_tag","embeddable":true,"href":"https:\/\/blogsaverroes.juntadeandalucia.es\/ceipvirgendebelen\/wp-json\/wp\/v2\/tags?post=5931"}],"curies":[{"name":"wp","href":"https:\/\/api.w.org\/{rel}","templated":true}]}}