{"id":2487,"date":"2020-09-20T17:12:52","date_gmt":"2020-09-20T17:12:52","guid":{"rendered":"https:\/\/blogsaverroes.juntadeandalucia.es\/ceipvirgendeguadalupe\/?p=2487"},"modified":"2020-09-20T17:12:52","modified_gmt":"2020-09-20T17:12:52","slug":"campana-escolar-optica-alain-afllelou","status":"publish","type":"post","link":"https:\/\/blogsaverroes.juntadeandalucia.es\/ceipvirgendeguadalupe\/?p=2487","title":{"rendered":"Campa\u00f1a escolar \u00f3ptica Alain Afllelou"},"content":{"rendered":"<h2 style=\"text-align: center\">21\u00aa CAMPA\u00d1A ESCOLAR DE LA FUNDACI\u00d3N ALAIN AFFLELOU<\/h2>\n<p style=\"text-align: center\"><a href=\"https:\/\/blogsaverroes.juntadeandalucia.es\/ceipvirgendeguadalupe\/files\/2020\/09\/BN-520x262-FRACASO-ESCOLAR-20.jpg\"><img decoding=\"async\" class=\"alignnone size-medium wp-image-2488\" src=\"https:\/\/blogsaverroes.juntadeandalucia.es\/ceipvirgendeguadalupe\/files\/2020\/09\/BN-520x262-FRACASO-ESCOLAR-20-300x151.jpg\" alt=\"\" width=\"300\" height=\"151\" srcset=\"https:\/\/blogsaverroes.juntadeandalucia.es\/ceipvirgendeguadalupe\/files\/2020\/09\/BN-520x262-FRACASO-ESCOLAR-20-300x151.jpg 300w, https:\/\/blogsaverroes.juntadeandalucia.es\/ceipvirgendeguadalupe\/files\/2020\/09\/BN-520x262-FRACASO-ESCOLAR-20-24x12.jpg 24w, https:\/\/blogsaverroes.juntadeandalucia.es\/ceipvirgendeguadalupe\/files\/2020\/09\/BN-520x262-FRACASO-ESCOLAR-20-36x18.jpg 36w, https:\/\/blogsaverroes.juntadeandalucia.es\/ceipvirgendeguadalupe\/files\/2020\/09\/BN-520x262-FRACASO-ESCOLAR-20-48x24.jpg 48w, https:\/\/blogsaverroes.juntadeandalucia.es\/ceipvirgendeguadalupe\/files\/2020\/09\/BN-520x262-FRACASO-ESCOLAR-20.jpg 520w\" sizes=\"(max-width: 300px) 100vw, 300px\" \/><\/a><\/p>\n<div class=\"c-article__container\">\n<h2 class=\"c-title\">&nbsp;<\/h2>\n<div class=\"c-article__intro\">\n<p>Un a\u00f1o m\u00e1s,&nbsp;la Fundaci\u00f3n ALAIN AFFLELOU ha puesto en marcha<strong>&nbsp;la Campa\u00f1a Escolar a favor de la Salud Visual Infantil.&nbsp;<\/strong>En el marco de esta campa\u00f1a,&nbsp;<strong>se ofrece una revisi\u00f3n de la vista a los ni\u00f1os de entre 5 y 7 a\u00f1os y se les regala un par de gafas graduadas si las necesitan.&nbsp;<br \/>\n<\/strong><\/p>\n<p>El objetivo es detectar precozmente los problemas visuales en la infancia. La campa\u00f1a se realiza en los centros ALAIN AFFLELOU de Espa\u00f1a y Andorra<strong> del 7 de septiembre 2020 al 18 de octubre 2020.&nbsp;<\/strong><\/p>\n<p>La campa\u00f1a tiene como objetivo concienciar a los padres de la necesidad de revisar la vista a sus hijos para evitar que un problema visual afecte su \u00e9xito escolar. La Fundaci\u00f3n ALAIN AFFLELOU incide en la importancia de una revisi\u00f3n anual de la vista a los m\u00e1s peque\u00f1os.&nbsp; Por ello, en el marco de la campa\u00f1a, se ofrece una revisi\u00f3n de la vista a los ni\u00f1os cuya edad est\u00e1 comprendida entre los 5 y 7 a\u00f1os. Si en el transcurso de la revisi\u00f3n se les detecta alg\u00fan problema visual se les regala un par de gafas graduadas adaptado a su vista (gafa completa: montura + cristales org\u00e1nicos monofocales blancos, sin tratamiento).<\/p>\n<p>Igualmente, se entrega a los padres un carn\u00e9 de salud visual para el seguimiento y debido cumplimiento de las revisiones marcadas.&nbsp;<\/p>\n<p>Los \u00fanicos requisitos para poder participar en esta campa\u00f1a son:&nbsp;<a title=\"Cita online\" href=\"https:\/\/www.afflelou.es\/fundacion\/proyectos\/prevencion-del-fracaso-escolar\/\">pedir cita online&nbsp; desde aqu\u00ed<\/a> y presentarse el d\u00eda de la revisi\u00f3n, con&nbsp; el DNI del ni\u00f1o, libro de familia o cualquier otro documento acreditativo de la edad del ni\u00f1o.<\/p>\n<\/div>\n<\/div>\n","protected":false},"excerpt":{"rendered":"<p>21\u00aa CAMPA\u00d1A ESCOLAR DE LA FUNDACI\u00d3N ALAIN AFFLELOU &nbsp; Un a\u00f1o m\u00e1s,&nbsp;la Fundaci\u00f3n ALAIN AFFLELOU ha puesto en marcha&nbsp;la Campa\u00f1a Escolar a favor de la Salud Visual Infantil.&nbsp;En el marco de esta campa\u00f1a,&nbsp;se ofrece una revisi\u00f3n de la vista a&#46;&#46;&#46;<\/p>\n","protected":false},"author":10318,"featured_media":0,"comment_status":"closed","ping_status":"open","sticky":false,"template":"","format":"standard","meta":{"ngg_post_thumbnail":0,"footnotes":""},"categories":[25498,526],"tags":[],"aioseo_notices":[],"post_mailing_queue_ids":[],"_links":{"self":[{"href":"https:\/\/blogsaverroes.juntadeandalucia.es\/ceipvirgendeguadalupe\/index.php?rest_route=\/wp\/v2\/posts\/2487"}],"collection":[{"href":"https:\/\/blogsaverroes.juntadeandalucia.es\/ceipvirgendeguadalupe\/index.php?rest_route=\/wp\/v2\/posts"}],"about":[{"href":"https:\/\/blogsaverroes.juntadeandalucia.es\/ceipvirgendeguadalupe\/index.php?rest_route=\/wp\/v2\/types\/post"}],"author":[{"embeddable":true,"href":"https:\/\/blogsaverroes.juntadeandalucia.es\/ceipvirgendeguadalupe\/index.php?rest_route=\/wp\/v2\/users\/10318"}],"replies":[{"embeddable":true,"href":"https:\/\/blogsaverroes.juntadeandalucia.es\/ceipvirgendeguadalupe\/index.php?rest_route=%2Fwp%2Fv2%2Fcomments&post=2487"}],"version-history":[{"count":1,"href":"https:\/\/blogsaverroes.juntadeandalucia.es\/ceipvirgendeguadalupe\/index.php?rest_route=\/wp\/v2\/posts\/2487\/revisions"}],"predecessor-version":[{"id":2489,"href":"https:\/\/blogsaverroes.juntadeandalucia.es\/ceipvirgendeguadalupe\/index.php?rest_route=\/wp\/v2\/posts\/2487\/revisions\/2489"}],"wp:attachment":[{"href":"https:\/\/blogsaverroes.juntadeandalucia.es\/ceipvirgendeguadalupe\/index.php?rest_route=%2Fwp%2Fv2%2Fmedia&parent=2487"}],"wp:term":[{"taxonomy":"category","embeddable":true,"href":"https:\/\/blogsaverroes.juntadeandalucia.es\/ceipvirgendeguadalupe\/index.php?rest_route=%2Fwp%2Fv2%2Fcategories&post=2487"},{"taxonomy":"post_tag","embeddable":true,"href":"https:\/\/blogsaverroes.juntadeandalucia.es\/ceipvirgendeguadalupe\/index.php?rest_route=%2Fwp%2Fv2%2Ftags&post=2487"}],"curies":[{"name":"wp","href":"https:\/\/api.w.org\/{rel}","templated":true}]}}