{"id":2697,"date":"2020-10-21T19:30:27","date_gmt":"2020-10-21T19:30:27","guid":{"rendered":"https:\/\/blogsaverroes.juntadeandalucia.es\/ceipvirgendeguadalupe\/?p=2697"},"modified":"2021-01-31T19:40:08","modified_gmt":"2021-01-31T19:40:08","slug":"narracion-oral","status":"publish","type":"post","link":"https:\/\/blogsaverroes.juntadeandalucia.es\/ceipvirgendeguadalupe\/?p=2697","title":{"rendered":"Narraci\u00f3n Oral"},"content":{"rendered":"<p>Dentro de las actuaciones desarrolladas con la financiaci\u00f3n del programa Impulsa, el alumnado de sexto est\u00e1 desarrollando talleres de narraci\u00f3n oral a trav\u00e9s de la Asociaci\u00f3n Casa de palabras de Andaluc\u00eda, a trav\u00e9s de \u00e1lbunes ilustrados que trabajan todos los mi\u00e9rcoles .&nbsp; La creatividad est\u00e1 presente en cada sesi\u00f3n y la monitora Aire les da herramientas para que consigan poner palabras a las im\u00e1genes de los cuentos . Al alumnado les motiva y les encantan todas las actividades propuestas increment\u00e1ndose la motivaci\u00f3n y la competencia ling\u00fc\u00edstica .<\/p>\n<p>&nbsp;<\/p>\nngg_shortcode_0_placeholder\n<p>&nbsp;<\/p>\n<p>&nbsp;<\/p>\n<p>&nbsp;<\/p>\n","protected":false},"excerpt":{"rendered":"<p>Dentro de las actuaciones desarrolladas con la financiaci\u00f3n del programa Impulsa, el alumnado de sexto est\u00e1 desarrollando talleres de narraci\u00f3n oral a trav\u00e9s de la Asociaci\u00f3n Casa de palabras de Andaluc\u00eda, a trav\u00e9s de \u00e1lbunes ilustrados que trabajan todos los&#46;&#46;&#46;<\/p>\n","protected":false},"author":10318,"featured_media":0,"comment_status":"closed","ping_status":"open","sticky":false,"template":"","format":"standard","meta":{"ngg_post_thumbnail":0,"footnotes":""},"categories":[2351666,2351667],"tags":[],"aioseo_notices":[],"post_mailing_queue_ids":[],"_links":{"self":[{"href":"https:\/\/blogsaverroes.juntadeandalucia.es\/ceipvirgendeguadalupe\/index.php?rest_route=\/wp\/v2\/posts\/2697"}],"collection":[{"href":"https:\/\/blogsaverroes.juntadeandalucia.es\/ceipvirgendeguadalupe\/index.php?rest_route=\/wp\/v2\/posts"}],"about":[{"href":"https:\/\/blogsaverroes.juntadeandalucia.es\/ceipvirgendeguadalupe\/index.php?rest_route=\/wp\/v2\/types\/post"}],"author":[{"embeddable":true,"href":"https:\/\/blogsaverroes.juntadeandalucia.es\/ceipvirgendeguadalupe\/index.php?rest_route=\/wp\/v2\/users\/10318"}],"replies":[{"embeddable":true,"href":"https:\/\/blogsaverroes.juntadeandalucia.es\/ceipvirgendeguadalupe\/index.php?rest_route=%2Fwp%2Fv2%2Fcomments&post=2697"}],"version-history":[{"count":3,"href":"https:\/\/blogsaverroes.juntadeandalucia.es\/ceipvirgendeguadalupe\/index.php?rest_route=\/wp\/v2\/posts\/2697\/revisions"}],"predecessor-version":[{"id":2727,"href":"https:\/\/blogsaverroes.juntadeandalucia.es\/ceipvirgendeguadalupe\/index.php?rest_route=\/wp\/v2\/posts\/2697\/revisions\/2727"}],"wp:attachment":[{"href":"https:\/\/blogsaverroes.juntadeandalucia.es\/ceipvirgendeguadalupe\/index.php?rest_route=%2Fwp%2Fv2%2Fmedia&parent=2697"}],"wp:term":[{"taxonomy":"category","embeddable":true,"href":"https:\/\/blogsaverroes.juntadeandalucia.es\/ceipvirgendeguadalupe\/index.php?rest_route=%2Fwp%2Fv2%2Fcategories&post=2697"},{"taxonomy":"post_tag","embeddable":true,"href":"https:\/\/blogsaverroes.juntadeandalucia.es\/ceipvirgendeguadalupe\/index.php?rest_route=%2Fwp%2Fv2%2Ftags&post=2697"}],"curies":[{"name":"wp","href":"https:\/\/api.w.org\/{rel}","templated":true}]}}