{"id":3979,"date":"2022-03-07T15:24:51","date_gmt":"2022-03-07T15:24:51","guid":{"rendered":"https:\/\/blogsaverroes.juntadeandalucia.es\/ceipvirgendeguadalupe\/?p=3979"},"modified":"2022-05-23T15:32:22","modified_gmt":"2022-05-23T15:32:22","slug":"3979","status":"publish","type":"post","link":"https:\/\/blogsaverroes.juntadeandalucia.es\/ceipvirgendeguadalupe\/?p=3979","title":{"rendered":"Espacios que educan"},"content":{"rendered":"<div>\n<div class=\"\" dir=\"auto\">\n<div id=\"jsc_c_22w\" class=\"ecm0bbzt hv4rvrfc ihqw7lf3 dati1w0a\" data-ad-comet-preview=\"message\" data-ad-preview=\"message\">\n<div class=\"j83agx80 cbu4d94t ew0dbk1b irj2b8pg\">\n<div class=\"qzhwtbm6 knvmm38d\">\n<div class=\"kvgmc6g5 cxmmr5t8 oygrvhab hcukyx3x c1et5uql ii04i59q\">\n<div dir=\"auto\">Como sab\u00e9is dentro del programa Escuela espacio de paz, llevamos dos cursos recibiendo el reconocimiento de centro promotor de convivencia positiva por la memoria presentada en junio con las actividades que realizamos durante cada curso vinculadas a este programa. Adem\u00e1s del reconocimiento, nos ingresan una dotaci\u00f3n econ\u00f3mica que var\u00eda seg\u00fan la puntuaci\u00f3n obtenida por cada centro . Con este dinero junto con otra dotaci\u00f3n recibida por la participaci\u00f3n en el proyecto de actuaciones destinadas a la prevenci\u00f3n de la violencia de g\u00e9nero en el marco del Pacto de Estado contra la Violencia de G\u00e9nero, un artista de Castilleja <a class=\"oajrlxb2 g5ia77u1 qu0x051f esr5mh6w e9989ue4 r7d6kgcz rq0escxv nhd2j8a9 nc684nl6 p7hjln8o kvgmc6g5 cxmmr5t8 oygrvhab hcukyx3x jb3vyjys rz4wbd8a qt6c0cv9 a8nywdso i1ao9s8h esuyzwwr f1sip0of lzcic4wl gpro0wi8 q66pz984 b1v8xokw\" role=\"link\" href=\"https:\/\/www.facebook.com\/ArtKato\/?__cft__[0]=AZXf8gRUcHVBrs-YBWoSNcIo4BVgJhx9CFMYbOuEjgxIRIbfw4QnJF_nbVv6q0SSPTS2mqW1l7jygChvWMgM5Gxy0TLe3cdomZ0r2xil5Pd1wkfU0WAWnjY12ZUkmmFu-3YWxb8upplrj5-3_BOIggnypoTXTbK-pmo8UynSCqtHeseS08GlTQDe8g-iHb5-SN0&amp;__tn__=kK-R\"><span class=\"nc684nl6\">Kato Art &#8211; Decoraci\u00f3n Profesional con Graffitis &#8211; Sevilla<\/span><\/a> , ha realizado un mural que recoge los valores que rigen nuestro centro. Adem\u00e1s si os fij\u00e1is, en la camiseta de uno de los ni\u00f1os estan los colores de la bandera de Ucrania como reivindicaci\u00f3n por la paz tan necesaria en la actualidad que estamos viviendo. Seguimos embelleciendo nuestros espacios educativos porque los espacios si importan y tambi\u00e9n educan . <a class=\"oajrlxb2 g5ia77u1 qu0x051f esr5mh6w e9989ue4 r7d6kgcz rq0escxv nhd2j8a9 nc684nl6 p7hjln8o kvgmc6g5 cxmmr5t8 oygrvhab hcukyx3x jb3vyjys rz4wbd8a qt6c0cv9 a8nywdso i1ao9s8h esuyzwwr f1sip0of lzcic4wl gpro0wi8 q66pz984 b1v8xokw\" role=\"link\" href=\"https:\/\/www.facebook.com\/hashtag\/megustamicole?__eep__=6&amp;__cft__[0]=AZXf8gRUcHVBrs-YBWoSNcIo4BVgJhx9CFMYbOuEjgxIRIbfw4QnJF_nbVv6q0SSPTS2mqW1l7jygChvWMgM5Gxy0TLe3cdomZ0r2xil5Pd1wkfU0WAWnjY12ZUkmmFu-3YWxb8upplrj5-3_BOIggnypoTXTbK-pmo8UynSCqtHeseS08GlTQDe8g-iHb5-SN0&amp;__tn__=*NK-R\">#MeGustaMiCole<\/a> <a class=\"oajrlxb2 g5ia77u1 qu0x051f esr5mh6w e9989ue4 r7d6kgcz rq0escxv nhd2j8a9 nc684nl6 p7hjln8o kvgmc6g5 cxmmr5t8 oygrvhab hcukyx3x jb3vyjys rz4wbd8a qt6c0cv9 a8nywdso i1ao9s8h esuyzwwr f1sip0of lzcic4wl gpro0wi8 q66pz984 b1v8xokw\" role=\"link\" href=\"https:\/\/www.facebook.com\/hashtag\/somoselguadalupe?__eep__=6&amp;__cft__[0]=AZXf8gRUcHVBrs-YBWoSNcIo4BVgJhx9CFMYbOuEjgxIRIbfw4QnJF_nbVv6q0SSPTS2mqW1l7jygChvWMgM5Gxy0TLe3cdomZ0r2xil5Pd1wkfU0WAWnjY12ZUkmmFu-3YWxb8upplrj5-3_BOIggnypoTXTbK-pmo8UynSCqtHeseS08GlTQDe8g-iHb5-SN0&amp;__tn__=*NK-R\">#somoselguadalupe<\/a> <a class=\"oajrlxb2 g5ia77u1 qu0x051f esr5mh6w e9989ue4 r7d6kgcz rq0escxv nhd2j8a9 nc684nl6 p7hjln8o kvgmc6g5 cxmmr5t8 oygrvhab hcukyx3x jb3vyjys rz4wbd8a qt6c0cv9 a8nywdso i1ao9s8h esuyzwwr f1sip0of lzcic4wl gpro0wi8 q66pz984 b1v8xokw\" role=\"link\" href=\"https:\/\/www.facebook.com\/hashtag\/pactodeestado?__eep__=6&amp;__cft__[0]=AZXf8gRUcHVBrs-YBWoSNcIo4BVgJhx9CFMYbOuEjgxIRIbfw4QnJF_nbVv6q0SSPTS2mqW1l7jygChvWMgM5Gxy0TLe3cdomZ0r2xil5Pd1wkfU0WAWnjY12ZUkmmFu-3YWxb8upplrj5-3_BOIggnypoTXTbK-pmo8UynSCqtHeseS08GlTQDe8g-iHb5-SN0&amp;__tn__=*NK-R\">#PactoDeEstado<\/a> <a class=\"oajrlxb2 g5ia77u1 qu0x051f esr5mh6w e9989ue4 r7d6kgcz rq0escxv nhd2j8a9 nc684nl6 p7hjln8o kvgmc6g5 cxmmr5t8 oygrvhab hcukyx3x jb3vyjys rz4wbd8a qt6c0cv9 a8nywdso i1ao9s8h esuyzwwr f1sip0of lzcic4wl gpro0wi8 q66pz984 b1v8xokw\" role=\"link\" href=\"https:\/\/www.facebook.com\/hashtag\/centropromotorconvivencia?__eep__=6&amp;__cft__[0]=AZXf8gRUcHVBrs-YBWoSNcIo4BVgJhx9CFMYbOuEjgxIRIbfw4QnJF_nbVv6q0SSPTS2mqW1l7jygChvWMgM5Gxy0TLe3cdomZ0r2xil5Pd1wkfU0WAWnjY12ZUkmmFu-3YWxb8upplrj5-3_BOIggnypoTXTbK-pmo8UynSCqtHeseS08GlTQDe8g-iHb5-SN0&amp;__tn__=*NK-R\">#centropromotorconvivencia<\/a><\/div>\n<\/div>\n<\/div>\n<\/div>\n<\/div>\n<\/div>\n<div id=\"jsc_c_22x\" class=\"l9j0dhe7\">\n<div class=\"l9j0dhe7\">\n<div>\n<div>\n<div class=\"l9j0dhe7\">\n<div class=\"l9j0dhe7\">\n<div class=\"ni8dbmo4 stjgntxs pmk7jnqg\">\n<div class=\"stjgntxs ni8dbmo4\">\n<div class=\"do00u71z ni8dbmo4 stjgntxs l9j0dhe7\">\n<div class=\"pmk7jnqg kr520xx4\"><img decoding=\"async\" class=\"i09qtzwb n7fi1qx3 datstx6m pmk7jnqg j9ispegn kr520xx4 k4urcfbm\" src=\"https:\/\/scontent.fsvq4-1.fna.fbcdn.net\/v\/t39.30808-6\/275268210_4670643999729416_8632280889326607672_n.jpg?stp=dst-jpg_p600x600&amp;_nc_cat=103&amp;ccb=1-7&amp;_nc_sid=8bfeb9&amp;_nc_ohc=mQjKoCZOZ94AX-1zxW5&amp;_nc_oc=AQlJ-n69ayhVBy_xHHNVtjqRifaBrvex3xsqxIVBYzizqUkrF6jS4JI4fe0woc2ssJM&amp;_nc_ht=scontent.fsvq4-1.fna&amp;oh=00_AT9asdfzZTgTDu6ISpE_hrtMF0MrLHlEDAAFGq0KeosTGg&amp;oe=6290E5DC\" alt=\"\"\/><\/div>\n<\/div>\n<div class=\"kr520xx4 j9ispegn pmk7jnqg hzruof5a n7fi1qx3 rq0escxv i09qtzwb opwvks06 linmgsc8\">&nbsp;<\/div>\n<\/div>\n<div class=\"n00je7tq arfg74bv qs9ysxi8 k77z8yql i09qtzwb n7fi1qx3 b5wmifdl hzruof5a pmk7jnqg j9ispegn kr520xx4 c5ndavph art1omkt ot9fgl3s\" data-visualcompletion=\"ignore\">&nbsp;<\/div>\n<\/div>\n<div class=\"ni8dbmo4 stjgntxs pmk7jnqg\">\n<div class=\"stjgntxs ni8dbmo4\">\n<div class=\"do00u71z ni8dbmo4 stjgntxs l9j0dhe7\">\n<div class=\"pmk7jnqg kr520xx4\"><img decoding=\"async\" class=\"i09qtzwb n7fi1qx3 datstx6m pmk7jnqg j9ispegn kr520xx4 k4urcfbm\" src=\"https:\/\/scontent.fsvq4-1.fna.fbcdn.net\/v\/t39.30808-6\/275062283_4670644413062708_4793609047700613116_n.jpg?stp=dst-jpg_p600x600&amp;_nc_cat=105&amp;ccb=1-7&amp;_nc_sid=8bfeb9&amp;_nc_ohc=i-OoDB_958QAX-J36PP&amp;_nc_ht=scontent.fsvq4-1.fna&amp;oh=00_AT8Wh-JELcc7spUViHmq7lP6Wftm6deWrsflXFy8K6GTmg&amp;oe=629161E0\" alt=\"\"\/><\/div>\n<\/div>\n<\/div>\n<\/div>\n<\/div>\n<\/div>\n<\/div>\n<\/div>\n<\/div>\n<\/div>\n<\/div>\n<div>\n<div class=\"stjgntxs ni8dbmo4 l82x9zwi uo3d90p7 h905i5nu monazrh9\" data-visualcompletion=\"ignore-dynamic\">\n<div>\n<div class=\"cwj9ozl2 tvmbv18p\">&nbsp;<\/div>\n<\/div>\n<\/div>\n<\/div>\n","protected":false},"excerpt":{"rendered":"<p>Como sab\u00e9is dentro del programa Escuela espacio de paz, llevamos dos cursos recibiendo el reconocimiento de centro promotor de convivencia positiva por la memoria presentada en junio con las actividades que realizamos durante cada curso vinculadas a este programa. Adem\u00e1s&#46;&#46;&#46;<\/p>\n","protected":false},"author":10318,"featured_media":3980,"comment_status":"open","ping_status":"open","sticky":false,"template":"","format":"standard","meta":{"ngg_post_thumbnail":0,"footnotes":""},"categories":[2351670,2351672,2351663,2351671,307438],"tags":[],"aioseo_notices":[],"post_mailing_queue_ids":[],"_links":{"self":[{"href":"https:\/\/blogsaverroes.juntadeandalucia.es\/ceipvirgendeguadalupe\/index.php?rest_route=\/wp\/v2\/posts\/3979"}],"collection":[{"href":"https:\/\/blogsaverroes.juntadeandalucia.es\/ceipvirgendeguadalupe\/index.php?rest_route=\/wp\/v2\/posts"}],"about":[{"href":"https:\/\/blogsaverroes.juntadeandalucia.es\/ceipvirgendeguadalupe\/index.php?rest_route=\/wp\/v2\/types\/post"}],"author":[{"embeddable":true,"href":"https:\/\/blogsaverroes.juntadeandalucia.es\/ceipvirgendeguadalupe\/index.php?rest_route=\/wp\/v2\/users\/10318"}],"replies":[{"embeddable":true,"href":"https:\/\/blogsaverroes.juntadeandalucia.es\/ceipvirgendeguadalupe\/index.php?rest_route=%2Fwp%2Fv2%2Fcomments&post=3979"}],"version-history":[{"count":2,"href":"https:\/\/blogsaverroes.juntadeandalucia.es\/ceipvirgendeguadalupe\/index.php?rest_route=\/wp\/v2\/posts\/3979\/revisions"}],"predecessor-version":[{"id":3982,"href":"https:\/\/blogsaverroes.juntadeandalucia.es\/ceipvirgendeguadalupe\/index.php?rest_route=\/wp\/v2\/posts\/3979\/revisions\/3982"}],"wp:featuredmedia":[{"embeddable":true,"href":"https:\/\/blogsaverroes.juntadeandalucia.es\/ceipvirgendeguadalupe\/index.php?rest_route=\/wp\/v2\/media\/3980"}],"wp:attachment":[{"href":"https:\/\/blogsaverroes.juntadeandalucia.es\/ceipvirgendeguadalupe\/index.php?rest_route=%2Fwp%2Fv2%2Fmedia&parent=3979"}],"wp:term":[{"taxonomy":"category","embeddable":true,"href":"https:\/\/blogsaverroes.juntadeandalucia.es\/ceipvirgendeguadalupe\/index.php?rest_route=%2Fwp%2Fv2%2Fcategories&post=3979"},{"taxonomy":"post_tag","embeddable":true,"href":"https:\/\/blogsaverroes.juntadeandalucia.es\/ceipvirgendeguadalupe\/index.php?rest_route=%2Fwp%2Fv2%2Ftags&post=3979"}],"curies":[{"name":"wp","href":"https:\/\/api.w.org\/{rel}","templated":true}]}}