{"id":4755,"date":"2025-04-07T10:23:24","date_gmt":"2025-04-07T10:23:24","guid":{"rendered":"https:\/\/blogsaverroes.juntadeandalucia.es\/ceipvirgendeguadalupe\/?p=4755"},"modified":"2025-05-07T13:26:27","modified_gmt":"2025-05-07T13:26:27","slug":"teatro-romeo-y-julieta","status":"publish","type":"post","link":"https:\/\/blogsaverroes.juntadeandalucia.es\/ceipvirgendeguadalupe\/?p=4755","title":{"rendered":"Teatro Romeo y Julieta"},"content":{"rendered":"<p>Ya est\u00e1 aqu\u00ed la \u00faltima semana antes de las vacaciones de semana santa!!<\/p>\n<p>No os pod\u00e9is perder nuestro esperado estreno.<\/p>\n<p>ROMEO Y JULIETA<\/p>\n<p>PR\u00d3XIMO JUEVES 10 A LAS 11:00<\/p>\n<p>EN EL SAL\u00d3N DE ACTOS DEL AYUNTAMIENTO DE CAMAS<\/p>\n<p>Os esperamos!!!<\/p>\n<p><img fetchpriority=\"high\" decoding=\"async\" class=\"alignnone  wp-image-4756\" src=\"https:\/\/blogsaverroes.juntadeandalucia.es\/ceipvirgendeguadalupe\/files\/2025\/04\/1_20250402_132006_0000-724x1024.jpg\" alt=\"\" width=\"453\" height=\"640\" srcset=\"https:\/\/blogsaverroes.juntadeandalucia.es\/ceipvirgendeguadalupe\/files\/2025\/04\/1_20250402_132006_0000-724x1024.jpg 724w, https:\/\/blogsaverroes.juntadeandalucia.es\/ceipvirgendeguadalupe\/files\/2025\/04\/1_20250402_132006_0000-212x300.jpg 212w, https:\/\/blogsaverroes.juntadeandalucia.es\/ceipvirgendeguadalupe\/files\/2025\/04\/1_20250402_132006_0000-768x1086.jpg 768w, https:\/\/blogsaverroes.juntadeandalucia.es\/ceipvirgendeguadalupe\/files\/2025\/04\/1_20250402_132006_0000-1086x1536.jpg 1086w, https:\/\/blogsaverroes.juntadeandalucia.es\/ceipvirgendeguadalupe\/files\/2025\/04\/1_20250402_132006_0000-1448x2048.jpg 1448w, https:\/\/blogsaverroes.juntadeandalucia.es\/ceipvirgendeguadalupe\/files\/2025\/04\/1_20250402_132006_0000.jpg 1587w\" sizes=\"(max-width: 453px) 100vw, 453px\" \/> <img decoding=\"async\" class=\"alignnone  wp-image-4757\" src=\"https:\/\/blogsaverroes.juntadeandalucia.es\/ceipvirgendeguadalupe\/files\/2025\/04\/2_20250402_132006_0001-724x1024.jpg\" alt=\"\" width=\"451\" height=\"638\" srcset=\"https:\/\/blogsaverroes.juntadeandalucia.es\/ceipvirgendeguadalupe\/files\/2025\/04\/2_20250402_132006_0001-724x1024.jpg 724w, https:\/\/blogsaverroes.juntadeandalucia.es\/ceipvirgendeguadalupe\/files\/2025\/04\/2_20250402_132006_0001-212x300.jpg 212w, https:\/\/blogsaverroes.juntadeandalucia.es\/ceipvirgendeguadalupe\/files\/2025\/04\/2_20250402_132006_0001-768x1086.jpg 768w, https:\/\/blogsaverroes.juntadeandalucia.es\/ceipvirgendeguadalupe\/files\/2025\/04\/2_20250402_132006_0001-1086x1536.jpg 1086w, https:\/\/blogsaverroes.juntadeandalucia.es\/ceipvirgendeguadalupe\/files\/2025\/04\/2_20250402_132006_0001-1448x2048.jpg 1448w, https:\/\/blogsaverroes.juntadeandalucia.es\/ceipvirgendeguadalupe\/files\/2025\/04\/2_20250402_132006_0001.jpg 1131w\" sizes=\"(max-width: 451px) 100vw, 451px\" \/><\/p>\n<p><img decoding=\"async\" class=\"alignnone size-large wp-image-4761\" src=\"https:\/\/blogsaverroes.juntadeandalucia.es\/ceipvirgendeguadalupe\/files\/2025\/05\/logos-1024x122.png\" alt=\"\" width=\"1024\" height=\"122\" srcset=\"https:\/\/blogsaverroes.juntadeandalucia.es\/ceipvirgendeguadalupe\/files\/2025\/05\/logos-1024x122.png 1024w, https:\/\/blogsaverroes.juntadeandalucia.es\/ceipvirgendeguadalupe\/files\/2025\/05\/logos-300x36.png 300w, https:\/\/blogsaverroes.juntadeandalucia.es\/ceipvirgendeguadalupe\/files\/2025\/05\/logos-768x91.png 768w, https:\/\/blogsaverroes.juntadeandalucia.es\/ceipvirgendeguadalupe\/files\/2025\/05\/logos-1536x182.png 1536w, https:\/\/blogsaverroes.juntadeandalucia.es\/ceipvirgendeguadalupe\/files\/2025\/05\/logos.png 1600w\" sizes=\"(max-width: 1024px) 100vw, 1024px\" \/><\/p>\n","protected":false},"excerpt":{"rendered":"<p>Ya est\u00e1 aqu\u00ed la \u00faltima semana antes de las vacaciones de semana santa!! No os pod\u00e9is perder nuestro esperado estreno. ROMEO Y JULIETA PR\u00d3XIMO JUEVES 10 A LAS 11:00 EN EL SAL\u00d3N DE ACTOS DEL AYUNTAMIENTO DE CAMAS Os esperamos!!!<\/p>\n","protected":false},"author":10318,"featured_media":0,"comment_status":"open","ping_status":"open","sticky":false,"template":"","format":"aside","meta":{"ngg_post_thumbnail":0,"footnotes":""},"categories":[2351683,2351684,526],"tags":[],"aioseo_notices":[],"post_mailing_queue_ids":[],"_links":{"self":[{"href":"https:\/\/blogsaverroes.juntadeandalucia.es\/ceipvirgendeguadalupe\/index.php?rest_route=\/wp\/v2\/posts\/4755"}],"collection":[{"href":"https:\/\/blogsaverroes.juntadeandalucia.es\/ceipvirgendeguadalupe\/index.php?rest_route=\/wp\/v2\/posts"}],"about":[{"href":"https:\/\/blogsaverroes.juntadeandalucia.es\/ceipvirgendeguadalupe\/index.php?rest_route=\/wp\/v2\/types\/post"}],"author":[{"embeddable":true,"href":"https:\/\/blogsaverroes.juntadeandalucia.es\/ceipvirgendeguadalupe\/index.php?rest_route=\/wp\/v2\/users\/10318"}],"replies":[{"embeddable":true,"href":"https:\/\/blogsaverroes.juntadeandalucia.es\/ceipvirgendeguadalupe\/index.php?rest_route=%2Fwp%2Fv2%2Fcomments&post=4755"}],"version-history":[{"count":3,"href":"https:\/\/blogsaverroes.juntadeandalucia.es\/ceipvirgendeguadalupe\/index.php?rest_route=\/wp\/v2\/posts\/4755\/revisions"}],"predecessor-version":[{"id":4778,"href":"https:\/\/blogsaverroes.juntadeandalucia.es\/ceipvirgendeguadalupe\/index.php?rest_route=\/wp\/v2\/posts\/4755\/revisions\/4778"}],"wp:attachment":[{"href":"https:\/\/blogsaverroes.juntadeandalucia.es\/ceipvirgendeguadalupe\/index.php?rest_route=%2Fwp%2Fv2%2Fmedia&parent=4755"}],"wp:term":[{"taxonomy":"category","embeddable":true,"href":"https:\/\/blogsaverroes.juntadeandalucia.es\/ceipvirgendeguadalupe\/index.php?rest_route=%2Fwp%2Fv2%2Fcategories&post=4755"},{"taxonomy":"post_tag","embeddable":true,"href":"https:\/\/blogsaverroes.juntadeandalucia.es\/ceipvirgendeguadalupe\/index.php?rest_route=%2Fwp%2Fv2%2Ftags&post=4755"}],"curies":[{"name":"wp","href":"https:\/\/api.w.org\/{rel}","templated":true}]}}