{"id":4852,"date":"2026-03-05T11:27:59","date_gmt":"2026-03-05T11:27:59","guid":{"rendered":"https:\/\/blogsaverroes.juntadeandalucia.es\/ceipvirgendeguadalupe\/?p=4852"},"modified":"2026-03-05T11:28:14","modified_gmt":"2026-03-05T11:28:14","slug":"lupito","status":"publish","type":"post","link":"https:\/\/blogsaverroes.juntadeandalucia.es\/ceipvirgendeguadalupe\/?p=4852","title":{"rendered":"LUPITO"},"content":{"rendered":"<div style=\"width: 848px;\" class=\"wp-video\"><!--[if lt IE 9]><script>document.createElement('video');<\/script><![endif]-->\n<video class=\"wp-video-shortcode\" id=\"video-4852-1\" width=\"848\" height=\"478\" preload=\"metadata\" controls=\"controls\"><source type=\"video\/mp4\" src=\"https:\/\/blogsaverroes.juntadeandalucia.es\/ceipvirgendeguadalupe\/files\/2025\/11\/WhatsApp-Video-2025-10-26-at-21.26.30.mp4?_=1\" \/><a href=\"https:\/\/blogsaverroes.juntadeandalucia.es\/ceipvirgendeguadalupe\/files\/2025\/11\/WhatsApp-Video-2025-10-26-at-21.26.30.mp4\">https:\/\/blogsaverroes.juntadeandalucia.es\/ceipvirgendeguadalupe\/files\/2025\/11\/WhatsApp-Video-2025-10-26-at-21.26.30.mp4<\/a><\/video><\/div>\n<p>La semana pasada dimos un paso m\u00e1s hacia un futuro m\u00e1s verde <span class=\"html-span xexx8yu xyri2b x18d9i69 x1c1uobl x1hl2dhg x16tdsg8 x1vvkbs x3nfvp2 x1j61x8r x1fcty0u xdj266r xat24cr xm2jcoa x1mpyi22 xxymvpz xlup9mm x1kky2od\"><img decoding=\"async\" class=\"xz74otr x15mokao x1ga7v0g x16uus16 xbiv7yw\" src=\"https:\/\/static.xx.fbcdn.net\/images\/emoji.php\/v9\/t1e\/1\/16\/1f33f.png\" alt=\"\ud83c\udf3f\" width=\"16\" height=\"16\"\/><\/span>. Con la colaboraci\u00f3n del Ayuntamiento de Camas, hemos plantado un nuevo \u00e1rbol, s\u00edmbolo de vida, compromiso y esperanza <span class=\"html-span xexx8yu xyri2b x18d9i69 x1c1uobl x1hl2dhg x16tdsg8 x1vvkbs x3nfvp2 x1j61x8r x1fcty0u xdj266r xat24cr xm2jcoa x1mpyi22 xxymvpz xlup9mm x1kky2od\"><img decoding=\"async\" class=\"xz74otr x15mokao x1ga7v0g x16uus16 xbiv7yw\" src=\"https:\/\/static.xx.fbcdn.net\/images\/emoji.php\/v9\/t6b\/1\/16\/1f333.png\" alt=\"\ud83c\udf33\" width=\"16\" height=\"16\"\/><\/span>. Cada \u00e1rbol que plantamos mejora nuestro aire, ofrece sombra y nos recuerda la importancia de cuidar nuestro entorno. Peque\u00f1as acciones como \u00e9sta, tienen un gran impacto en la lucha contra el cambio clim\u00e1tico y en la construcci\u00f3n de un municipio m\u00e1s sostenible <span class=\"html-span xexx8yu xyri2b x18d9i69 x1c1uobl x1hl2dhg x16tdsg8 x1vvkbs x3nfvp2 x1j61x8r x1fcty0u xdj266r xat24cr xm2jcoa x1mpyi22 xxymvpz xlup9mm x1kky2od\"><img decoding=\"async\" class=\"xz74otr x15mokao x1ga7v0g x16uus16 xbiv7yw\" src=\"https:\/\/static.xx.fbcdn.net\/images\/emoji.php\/v9\/t94\/1\/16\/1f49a.png\" alt=\"\ud83d\udc9a\" width=\"16\" height=\"16\"\/><\/span>. Juntos, hacemos de Camas un lugar m\u00e1s verde, m\u00e1s vivo y m\u00e1s nuestro <span class=\"html-span xexx8yu xyri2b x18d9i69 x1c1uobl x1hl2dhg x16tdsg8 x1vvkbs x3nfvp2 x1j61x8r x1fcty0u xdj266r xat24cr xm2jcoa x1mpyi22 xxymvpz xlup9mm x1kky2od\"><img loading=\"lazy\" decoding=\"async\" class=\"xz74otr x15mokao x1ga7v0g x16uus16 xbiv7yw\" src=\"https:\/\/static.xx.fbcdn.net\/images\/emoji.php\/v9\/t69\/1\/16\/1f331.png\" alt=\"\ud83c\udf31\" width=\"16\" height=\"16\"\/><\/span>. <span class=\"html-span xdj266r x14z9mp xat24cr x1lziwak xexx8yu xyri2b x18d9i69 x1c1uobl x1hl2dhg x16tdsg8 x1vvkbs\"><a class=\"x1i10hfl xjbqb8w x1ejq31n x18oe1m7 x1sy0etr xstzfhl x972fbf x10w94by x1qhh985 x14e42zd x9f619 x1ypdohk xt0psk2 x3ct3a4 xdj266r x14z9mp xat24cr x1lziwak xexx8yu xyri2b x18d9i69 x1c1uobl x16tdsg8 x1hl2dhg xggy1nq x1a2a7pz xkrqix3 x1sur9pj x1fey0fg x1s688f\" role=\"link\" href=\"https:\/\/www.facebook.com\/watch\/hashtag\/camassostenible?__eep__=6%2F&amp;__cft__[0]=AZVp4SFXZvb08iybuwzYImLdgbB3mnUcZXpgWaCCNGufei8jHWl-c2r5UGkRyFli4hC8LoWXz74r9i_pp5vMCdobZa_hXfjyO_TBQ7-7oXBMlOCyYxj4az9m3szQnTB1MzyZToHCelGbWGyoZ9vOlJEOJCfZZtjyDdH_xWxAIX3ayVQmqfwhFtaIDrqVDDor9hIEtk15obMyDJFk12yQhT40&amp;__tn__=*NK-R\">#CamasSostenible<\/a><\/span> <span class=\"html-span xdj266r x14z9mp xat24cr x1lziwak xexx8yu xyri2b x18d9i69 x1c1uobl x1hl2dhg x16tdsg8 x1vvkbs\"><a class=\"x1i10hfl xjbqb8w x1ejq31n x18oe1m7 x1sy0etr xstzfhl x972fbf x10w94by x1qhh985 x14e42zd x9f619 x1ypdohk xt0psk2 x3ct3a4 xdj266r x14z9mp xat24cr x1lziwak xexx8yu xyri2b x18d9i69 x1c1uobl x16tdsg8 x1hl2dhg xggy1nq x1a2a7pz xkrqix3 x1sur9pj x1fey0fg x1s688f\" role=\"link\" href=\"https:\/\/www.facebook.com\/watch\/hashtag\/medioambiente?__eep__=6%2F&amp;__cft__[0]=AZVp4SFXZvb08iybuwzYImLdgbB3mnUcZXpgWaCCNGufei8jHWl-c2r5UGkRyFli4hC8LoWXz74r9i_pp5vMCdobZa_hXfjyO_TBQ7-7oXBMlOCyYxj4az9m3szQnTB1MzyZToHCelGbWGyoZ9vOlJEOJCfZZtjyDdH_xWxAIX3ayVQmqfwhFtaIDrqVDDor9hIEtk15obMyDJFk12yQhT40&amp;__tn__=*NK-R\">#MedioAmbiente<\/a><\/span> <span class=\"html-span xdj266r x14z9mp xat24cr x1lziwak xexx8yu xyri2b x18d9i69 x1c1uobl x1hl2dhg x16tdsg8 x1vvkbs\"><a class=\"x1i10hfl xjbqb8w x1ejq31n x18oe1m7 x1sy0etr xstzfhl x972fbf x10w94by x1qhh985 x14e42zd x9f619 x1ypdohk xt0psk2 x3ct3a4 xdj266r x14z9mp xat24cr x1lziwak xexx8yu xyri2b x18d9i69 x1c1uobl x16tdsg8 x1hl2dhg xggy1nq x1a2a7pz xkrqix3 x1sur9pj x1fey0fg x1s688f\" role=\"link\" href=\"https:\/\/www.facebook.com\/watch\/hashtag\/plantandofuturo?__eep__=6%2F&amp;__cft__[0]=AZVp4SFXZvb08iybuwzYImLdgbB3mnUcZXpgWaCCNGufei8jHWl-c2r5UGkRyFli4hC8LoWXz74r9i_pp5vMCdobZa_hXfjyO_TBQ7-7oXBMlOCyYxj4az9m3szQnTB1MzyZToHCelGbWGyoZ9vOlJEOJCfZZtjyDdH_xWxAIX3ayVQmqfwhFtaIDrqVDDor9hIEtk15obMyDJFk12yQhT40&amp;__tn__=*NK-R\">#PlantandoFuturo<\/a><\/span> <span class=\"html-span xdj266r x14z9mp xat24cr x1lziwak xexx8yu xyri2b x18d9i69 x1c1uobl x1hl2dhg x16tdsg8 x1vvkbs\"><a class=\"x1i10hfl xjbqb8w x1ejq31n x18oe1m7 x1sy0etr xstzfhl x972fbf x10w94by x1qhh985 x14e42zd x9f619 x1ypdohk xt0psk2 x3ct3a4 xdj266r x14z9mp xat24cr x1lziwak xexx8yu xyri2b x18d9i69 x1c1uobl x16tdsg8 x1hl2dhg xggy1nq x1a2a7pz xkrqix3 x1sur9pj x1fey0fg x1s688f\" role=\"link\" href=\"https:\/\/www.facebook.com\/ayuntamiento.decamas?__cft__[0]=AZVp4SFXZvb08iybuwzYImLdgbB3mnUcZXpgWaCCNGufei8jHWl-c2r5UGkRyFli4hC8LoWXz74r9i_pp5vMCdobZa_hXfjyO_TBQ7-7oXBMlOCyYxj4az9m3szQnTB1MzyZToHCelGbWGyoZ9vOlJEOJCfZZtjyDdH_xWxAIX3ayVQmqfwhFtaIDrqVDDor9hIEtk15obMyDJFk12yQhT40&amp;__tn__=-]K-R\"><span class=\"xt0psk2\"><span class=\"xjp7ctv\">Ayuntamiento de Camas<\/span><\/span><\/a><\/span><\/p>\n","protected":false},"excerpt":{"rendered":"<p>La semana pasada dimos un paso m\u00e1s hacia un futuro m\u00e1s verde . Con la colaboraci\u00f3n del Ayuntamiento de Camas, hemos plantado un nuevo \u00e1rbol, s\u00edmbolo de vida, compromiso y esperanza . Cada \u00e1rbol que plantamos mejora nuestro aire, ofrece&#46;&#46;&#46;<\/p>\n","protected":false},"author":10318,"featured_media":0,"comment_status":"open","ping_status":"open","sticky":false,"template":"","format":"aside","meta":{"ngg_post_thumbnail":0,"footnotes":""},"categories":[526],"tags":[],"aioseo_notices":[],"post_mailing_queue_ids":[],"_links":{"self":[{"href":"https:\/\/blogsaverroes.juntadeandalucia.es\/ceipvirgendeguadalupe\/index.php?rest_route=\/wp\/v2\/posts\/4852"}],"collection":[{"href":"https:\/\/blogsaverroes.juntadeandalucia.es\/ceipvirgendeguadalupe\/index.php?rest_route=\/wp\/v2\/posts"}],"about":[{"href":"https:\/\/blogsaverroes.juntadeandalucia.es\/ceipvirgendeguadalupe\/index.php?rest_route=\/wp\/v2\/types\/post"}],"author":[{"embeddable":true,"href":"https:\/\/blogsaverroes.juntadeandalucia.es\/ceipvirgendeguadalupe\/index.php?rest_route=\/wp\/v2\/users\/10318"}],"replies":[{"embeddable":true,"href":"https:\/\/blogsaverroes.juntadeandalucia.es\/ceipvirgendeguadalupe\/index.php?rest_route=%2Fwp%2Fv2%2Fcomments&post=4852"}],"version-history":[{"count":3,"href":"https:\/\/blogsaverroes.juntadeandalucia.es\/ceipvirgendeguadalupe\/index.php?rest_route=\/wp\/v2\/posts\/4852\/revisions"}],"predecessor-version":[{"id":4867,"href":"https:\/\/blogsaverroes.juntadeandalucia.es\/ceipvirgendeguadalupe\/index.php?rest_route=\/wp\/v2\/posts\/4852\/revisions\/4867"}],"wp:attachment":[{"href":"https:\/\/blogsaverroes.juntadeandalucia.es\/ceipvirgendeguadalupe\/index.php?rest_route=%2Fwp%2Fv2%2Fmedia&parent=4852"}],"wp:term":[{"taxonomy":"category","embeddable":true,"href":"https:\/\/blogsaverroes.juntadeandalucia.es\/ceipvirgendeguadalupe\/index.php?rest_route=%2Fwp%2Fv2%2Fcategories&post=4852"},{"taxonomy":"post_tag","embeddable":true,"href":"https:\/\/blogsaverroes.juntadeandalucia.es\/ceipvirgendeguadalupe\/index.php?rest_route=%2Fwp%2Fv2%2Ftags&post=4852"}],"curies":[{"name":"wp","href":"https:\/\/api.w.org\/{rel}","templated":true}]}}