{"id":4899,"date":"2026-03-05T11:59:11","date_gmt":"2026-03-05T11:59:11","guid":{"rendered":"https:\/\/blogsaverroes.juntadeandalucia.es\/ceipvirgendeguadalupe\/?p=4899"},"modified":"2026-03-05T11:59:11","modified_gmt":"2026-03-05T11:59:11","slug":"musica-y-no-violencia","status":"publish","type":"post","link":"https:\/\/blogsaverroes.juntadeandalucia.es\/ceipvirgendeguadalupe\/?p=4899","title":{"rendered":"M\u00daSICA Y NO VIOLENCIA"},"content":{"rendered":"<div class=\"xdj266r x14z9mp xat24cr x1lziwak x1vvkbs x126k92a\">\n<div dir=\"auto\"><span class=\"html-span xexx8yu xyri2b x18d9i69 x1c1uobl x1hl2dhg x16tdsg8 x1vvkbs x3nfvp2 x1j61x8r x1fcty0u xdj266r xat24cr xm2jcoa x1mpyi22 xxymvpz xlup9mm x1kky2od\"><img decoding=\"async\" class=\"xz74otr x15mokao x1ga7v0g x16uus16 xbiv7yw\" src=\"https:\/\/static.xx.fbcdn.net\/images\/emoji.php\/v9\/t1f\/1\/16\/1f3b6.png\" alt=\"\ud83c\udfb6\" width=\"16\" height=\"16\"\/><\/span><span class=\"html-span xexx8yu xyri2b x18d9i69 x1c1uobl x1hl2dhg x16tdsg8 x1vvkbs x3nfvp2 x1j61x8r x1fcty0u xdj266r xat24cr xm2jcoa x1mpyi22 xxymvpz xlup9mm x1kky2od\"><img decoding=\"async\" class=\"xz74otr x15mokao x1ga7v0g x16uus16 xbiv7yw\" src=\"https:\/\/static.xx.fbcdn.net\/images\/emoji.php\/v9\/tf4\/1\/16\/2728.png\" alt=\"\u2728\" width=\"16\" height=\"16\"\/><\/span> La semana pasada celebramos el D\u00eda de la M\u00fasica y el D\u00eda de la No Violencia de G\u00e9nero, dos fechas que nos invitan a reflexionar y a construir un mundo mejor.<\/div>\n<\/div>\n<div class=\"x14z9mp xat24cr x1lziwak x1vvkbs xtlvy1s x126k92a\">\n<div dir=\"auto\">La m\u00fasica nos une, nos emociona y nos permite expresarnos con libertad. Tambi\u00e9n puede ser una herramienta poderosa para educar, sensibilizar y promover el respeto.<\/div>\n<\/div>\n<div class=\"x14z9mp xat24cr x1lziwak x1vvkbs xtlvy1s x126k92a\">\n<div dir=\"auto\"><span class=\"html-span xexx8yu xyri2b x18d9i69 x1c1uobl x1hl2dhg x16tdsg8 x1vvkbs x3nfvp2 x1j61x8r x1fcty0u xdj266r xat24cr xm2jcoa x1mpyi22 xxymvpz xlup9mm x1kky2od\"><img decoding=\"async\" class=\"xz74otr x15mokao x1ga7v0g x16uus16 xbiv7yw\" src=\"https:\/\/static.xx.fbcdn.net\/images\/emoji.php\/v9\/t96\/1\/16\/1f49c.png\" alt=\"\ud83d\udc9c\" width=\"16\" height=\"16\"\/><\/span> En esta jornada, reafirmamos nuestro compromiso como comunidad educativa: decir NO a cualquier forma de violencia y S\u00cd a la igualdad, al di\u00e1logo y a la convivencia pac\u00edfica.<\/div>\n<\/div>\n<div class=\"x14z9mp xat24cr x1lziwak x1vvkbs xtlvy1s x126k92a\">\n<div dir=\"auto\">Que cada canci\u00f3n sea un recordatorio de la armon\u00eda que queremos construir juntos.<\/div>\n<\/div>\n<div class=\"x14z9mp xat24cr x1lziwak x1vvkbs xtlvy1s x126k92a\">\n<div dir=\"auto\">Gracias a nuestras coordinadoras de Paz e Igualdad que nos han hecho siempre apreciar el respeto por los dem\u00e1s y a valorar la m\u00fasica como medio de uni\u00f3n de nuestros Guadalupe. Y a nuestra compi de m\u00fasica por montar esta coreo este curso.<\/div>\n<\/div>\n<div dir=\"auto\"><a href=\"http:\/\/facebook.com\/reel\/1190695925728183\/?s=single_unit\">ACCEDE AL VIDEO<\/a><\/div>\n<div class=\"x14z9mp xat24cr x1lziwak x1vvkbs xtlvy1s x126k92a\">\n<div dir=\"auto\"><span class=\"html-span xdj266r x14z9mp xat24cr x1lziwak xexx8yu xyri2b x18d9i69 x1c1uobl x1hl2dhg x16tdsg8 x1vvkbs\"><a class=\"x1i10hfl xjbqb8w x1ejq31n x18oe1m7 x1sy0etr xstzfhl x972fbf x10w94by x1qhh985 x14e42zd x9f619 x1ypdohk xt0psk2 x3ct3a4 xdj266r x14z9mp xat24cr x1lziwak xexx8yu xyri2b x18d9i69 x1c1uobl x16tdsg8 x1hl2dhg xggy1nq x1a2a7pz xkrqix3 x1sur9pj x1fey0fg x1s688f\" role=\"link\" href=\"https:\/\/www.facebook.com\/watch\/hashtag\/d%C3%ADadelam%C3%BAsica?__eep__=6%2F&amp;__cft__[0]=AZbcj7dhto5griQgU20FTbqP6k5Zlx6-xpGjLkNVi_uES95Od8D6eRt_cGKXlMhH44Nmd3HhIEpzxMINMWat5HBzWFdOH6H56H5WjhuyXQkkM6v830eOhzgDCOVFtzePLDBx2EQAfBVk9kqjXiV7gadH15YinTQT0XwhQli8O2EsYzjsj1yWP-_kuptlvIbITsExHRSpoMb3-PX9STLGzLuq&amp;__tn__=*NK-R\">#D\u00edaDeLaM\u00fasica<\/a><\/span> <span class=\"html-span xdj266r x14z9mp xat24cr x1lziwak xexx8yu xyri2b x18d9i69 x1c1uobl x1hl2dhg x16tdsg8 x1vvkbs\"><a class=\"x1i10hfl xjbqb8w x1ejq31n x18oe1m7 x1sy0etr xstzfhl x972fbf x10w94by x1qhh985 x14e42zd x9f619 x1ypdohk xt0psk2 x3ct3a4 xdj266r x14z9mp xat24cr x1lziwak xexx8yu xyri2b x18d9i69 x1c1uobl x16tdsg8 x1hl2dhg xggy1nq x1a2a7pz xkrqix3 x1sur9pj x1fey0fg x1s688f\" role=\"link\" href=\"https:\/\/www.facebook.com\/watch\/hashtag\/noviolenciadeg%C3%A9nero?__eep__=6%2F&amp;__cft__[0]=AZbcj7dhto5griQgU20FTbqP6k5Zlx6-xpGjLkNVi_uES95Od8D6eRt_cGKXlMhH44Nmd3HhIEpzxMINMWat5HBzWFdOH6H56H5WjhuyXQkkM6v830eOhzgDCOVFtzePLDBx2EQAfBVk9kqjXiV7gadH15YinTQT0XwhQli8O2EsYzjsj1yWP-_kuptlvIbITsExHRSpoMb3-PX9STLGzLuq&amp;__tn__=*NK-R\">#NoViolenciaDeG\u00e9nero<\/a><\/span> <span class=\"html-span xdj266r x14z9mp xat24cr x1lziwak xexx8yu xyri2b x18d9i69 x1c1uobl x1hl2dhg x16tdsg8 x1vvkbs\"><a class=\"x1i10hfl xjbqb8w x1ejq31n x18oe1m7 x1sy0etr xstzfhl x972fbf x10w94by x1qhh985 x14e42zd x9f619 x1ypdohk xt0psk2 x3ct3a4 xdj266r x14z9mp xat24cr x1lziwak xexx8yu xyri2b x18d9i69 x1c1uobl x16tdsg8 x1hl2dhg xggy1nq x1a2a7pz xkrqix3 x1sur9pj x1fey0fg x1s688f\" role=\"link\" href=\"https:\/\/www.facebook.com\/watch\/hashtag\/convivencia?__eep__=6%2F&amp;__cft__[0]=AZbcj7dhto5griQgU20FTbqP6k5Zlx6-xpGjLkNVi_uES95Od8D6eRt_cGKXlMhH44Nmd3HhIEpzxMINMWat5HBzWFdOH6H56H5WjhuyXQkkM6v830eOhzgDCOVFtzePLDBx2EQAfBVk9kqjXiV7gadH15YinTQT0XwhQli8O2EsYzjsj1yWP-_kuptlvIbITsExHRSpoMb3-PX9STLGzLuq&amp;__tn__=*NK-R\">#Convivencia<\/a><\/span> <span class=\"html-span xdj266r x14z9mp xat24cr x1lziwak xexx8yu xyri2b x18d9i69 x1c1uobl x1hl2dhg x16tdsg8 x1vvkbs\"><a class=\"x1i10hfl xjbqb8w x1ejq31n x18oe1m7 x1sy0etr xstzfhl x972fbf x10w94by x1qhh985 x14e42zd x9f619 x1ypdohk xt0psk2 x3ct3a4 xdj266r x14z9mp xat24cr x1lziwak xexx8yu xyri2b x18d9i69 x1c1uobl x16tdsg8 x1hl2dhg xggy1nq x1a2a7pz xkrqix3 x1sur9pj x1fey0fg x1s688f\" role=\"link\" href=\"https:\/\/www.facebook.com\/watch\/hashtag\/igualdad?__eep__=6%2F&amp;__cft__[0]=AZbcj7dhto5griQgU20FTbqP6k5Zlx6-xpGjLkNVi_uES95Od8D6eRt_cGKXlMhH44Nmd3HhIEpzxMINMWat5HBzWFdOH6H56H5WjhuyXQkkM6v830eOhzgDCOVFtzePLDBx2EQAfBVk9kqjXiV7gadH15YinTQT0XwhQli8O2EsYzjsj1yWP-_kuptlvIbITsExHRSpoMb3-PX9STLGzLuq&amp;__tn__=*NK-R\">#Igualdad<\/a><\/span> <span class=\"html-span xdj266r x14z9mp xat24cr x1lziwak xexx8yu xyri2b x18d9i69 x1c1uobl x1hl2dhg x16tdsg8 x1vvkbs\"><a class=\"x1i10hfl xjbqb8w x1ejq31n x18oe1m7 x1sy0etr xstzfhl x972fbf x10w94by x1qhh985 x14e42zd x9f619 x1ypdohk xt0psk2 x3ct3a4 xdj266r x14z9mp xat24cr x1lziwak xexx8yu xyri2b x18d9i69 x1c1uobl x16tdsg8 x1hl2dhg xggy1nq x1a2a7pz xkrqix3 x1sur9pj x1fey0fg x1s688f\" role=\"link\" href=\"https:\/\/www.facebook.com\/watch\/hashtag\/educaci%C3%B3n?__eep__=6%2F&amp;__cft__[0]=AZbcj7dhto5griQgU20FTbqP6k5Zlx6-xpGjLkNVi_uES95Od8D6eRt_cGKXlMhH44Nmd3HhIEpzxMINMWat5HBzWFdOH6H56H5WjhuyXQkkM6v830eOhzgDCOVFtzePLDBx2EQAfBVk9kqjXiV7gadH15YinTQT0XwhQli8O2EsYzjsj1yWP-_kuptlvIbITsExHRSpoMb3-PX9STLGzLuq&amp;__tn__=*NK-R\">#Educaci\u00f3n<\/a><\/span><\/div>\n<\/div>\n<div class=\"x14z9mp xat24cr x1lziwak x1vvkbs xtlvy1s x126k92a\">\n<div dir=\"auto\">Canci\u00f3n: Manuel Carrasco. Tengo el poder.<\/div>\n<\/div>\n","protected":false},"excerpt":{"rendered":"<p>La semana pasada celebramos el D\u00eda de la M\u00fasica y el D\u00eda de la No Violencia de G\u00e9nero, dos fechas que nos invitan a reflexionar y a construir un mundo mejor. La m\u00fasica nos une, nos emociona y nos permite&#46;&#46;&#46;<\/p>\n","protected":false},"author":10318,"featured_media":0,"comment_status":"open","ping_status":"open","sticky":false,"template":"","format":"aside","meta":{"ngg_post_thumbnail":0,"footnotes":""},"categories":[526],"tags":[],"aioseo_notices":[],"post_mailing_queue_ids":[],"_links":{"self":[{"href":"https:\/\/blogsaverroes.juntadeandalucia.es\/ceipvirgendeguadalupe\/index.php?rest_route=\/wp\/v2\/posts\/4899"}],"collection":[{"href":"https:\/\/blogsaverroes.juntadeandalucia.es\/ceipvirgendeguadalupe\/index.php?rest_route=\/wp\/v2\/posts"}],"about":[{"href":"https:\/\/blogsaverroes.juntadeandalucia.es\/ceipvirgendeguadalupe\/index.php?rest_route=\/wp\/v2\/types\/post"}],"author":[{"embeddable":true,"href":"https:\/\/blogsaverroes.juntadeandalucia.es\/ceipvirgendeguadalupe\/index.php?rest_route=\/wp\/v2\/users\/10318"}],"replies":[{"embeddable":true,"href":"https:\/\/blogsaverroes.juntadeandalucia.es\/ceipvirgendeguadalupe\/index.php?rest_route=%2Fwp%2Fv2%2Fcomments&post=4899"}],"version-history":[{"count":1,"href":"https:\/\/blogsaverroes.juntadeandalucia.es\/ceipvirgendeguadalupe\/index.php?rest_route=\/wp\/v2\/posts\/4899\/revisions"}],"predecessor-version":[{"id":4900,"href":"https:\/\/blogsaverroes.juntadeandalucia.es\/ceipvirgendeguadalupe\/index.php?rest_route=\/wp\/v2\/posts\/4899\/revisions\/4900"}],"wp:attachment":[{"href":"https:\/\/blogsaverroes.juntadeandalucia.es\/ceipvirgendeguadalupe\/index.php?rest_route=%2Fwp%2Fv2%2Fmedia&parent=4899"}],"wp:term":[{"taxonomy":"category","embeddable":true,"href":"https:\/\/blogsaverroes.juntadeandalucia.es\/ceipvirgendeguadalupe\/index.php?rest_route=%2Fwp%2Fv2%2Fcategories&post=4899"},{"taxonomy":"post_tag","embeddable":true,"href":"https:\/\/blogsaverroes.juntadeandalucia.es\/ceipvirgendeguadalupe\/index.php?rest_route=%2Fwp%2Fv2%2Ftags&post=4899"}],"curies":[{"name":"wp","href":"https:\/\/api.w.org\/{rel}","templated":true}]}}