{"id":4639,"date":"2019-05-14T09:42:19","date_gmt":"2019-05-14T09:42:19","guid":{"rendered":"https:\/\/blogsaverroes.juntadeandalucia.es\/ceipvirgendelacabeza\/?p=4639"},"modified":"2019-05-14T09:43:29","modified_gmt":"2019-05-14T09:43:29","slug":"frida-kahlo","status":"publish","type":"post","link":"https:\/\/blogsaverroes.juntadeandalucia.es\/ceipvirgendelacabeza\/frida-kahlo\/","title":{"rendered":"Frida Kahlo"},"content":{"rendered":"<p><img loading=\"lazy\" decoding=\"async\" class=\"aligncenter size-full wp-image-4615\" src=\"https:\/\/blogsaverroes.juntadeandalucia.es\/ceipvirgendelacabeza\/files\/2019\/05\/frida-kahlo.jpg\" alt=\"\" width=\"696\" height=\"446\" srcset=\"https:\/\/blogsaverroes.juntadeandalucia.es\/ceipvirgendelacabeza\/files\/2019\/05\/frida-kahlo.jpg 696w, https:\/\/blogsaverroes.juntadeandalucia.es\/ceipvirgendelacabeza\/files\/2019\/05\/frida-kahlo-300x192.jpg 300w, https:\/\/blogsaverroes.juntadeandalucia.es\/ceipvirgendelacabeza\/files\/2019\/05\/frida-kahlo-24x15.jpg 24w, https:\/\/blogsaverroes.juntadeandalucia.es\/ceipvirgendelacabeza\/files\/2019\/05\/frida-kahlo-36x23.jpg 36w, https:\/\/blogsaverroes.juntadeandalucia.es\/ceipvirgendelacabeza\/files\/2019\/05\/frida-kahlo-48x31.jpg 48w\" sizes=\"(max-width: 696px) 100vw, 696px\" \/><\/p>\n<h1 style=\"text-align: center\">Proyecto Frida Kahlo.<\/h1>\n<p><!--more--><\/p>\n<p>Con esta iniciativa se pretende potenciar la investigaci\u00f3n sobre mujeres que la historia m\u00e1s cercana ha olvidado MUJERES PINTORAS que no han tenido la difusi\u00f3n y el reconocimiento que se merecen. De una lista de veintiuna mujeres que se nos propuso nuestro centro eligi\u00f3 en Claustro, la figura de FRIDA KAHLO y a partir de aqu\u00ed todo el centro ha realizado las siguientes actividades: <a href=\"https:\/\/blogsaverroes.juntadeandalucia.es\/ceipvirgendelacabeza\/files\/2019\/05\/PROYECTO-DE-FRIDA-KAHLO.pdf\" target=\"_blank\" rel=\"noopener\">seguir leyendo&#8230;<\/a><\/p>\n","protected":false},"excerpt":{"rendered":"<p>Proyecto Frida Kahlo.<\/p>\n","protected":false},"author":1796,"featured_media":4615,"comment_status":"closed","ping_status":"closed","sticky":false,"template":"","format":"standard","meta":{"ngg_post_thumbnail":0,"footnotes":""},"categories":[16],"tags":[],"aioseo_notices":[],"_links":{"self":[{"href":"https:\/\/blogsaverroes.juntadeandalucia.es\/ceipvirgendelacabeza\/wp-json\/wp\/v2\/posts\/4639"}],"collection":[{"href":"https:\/\/blogsaverroes.juntadeandalucia.es\/ceipvirgendelacabeza\/wp-json\/wp\/v2\/posts"}],"about":[{"href":"https:\/\/blogsaverroes.juntadeandalucia.es\/ceipvirgendelacabeza\/wp-json\/wp\/v2\/types\/post"}],"author":[{"embeddable":true,"href":"https:\/\/blogsaverroes.juntadeandalucia.es\/ceipvirgendelacabeza\/wp-json\/wp\/v2\/users\/1796"}],"replies":[{"embeddable":true,"href":"https:\/\/blogsaverroes.juntadeandalucia.es\/ceipvirgendelacabeza\/wp-json\/wp\/v2\/comments?post=4639"}],"version-history":[{"count":2,"href":"https:\/\/blogsaverroes.juntadeandalucia.es\/ceipvirgendelacabeza\/wp-json\/wp\/v2\/posts\/4639\/revisions"}],"predecessor-version":[{"id":4641,"href":"https:\/\/blogsaverroes.juntadeandalucia.es\/ceipvirgendelacabeza\/wp-json\/wp\/v2\/posts\/4639\/revisions\/4641"}],"wp:featuredmedia":[{"embeddable":true,"href":"https:\/\/blogsaverroes.juntadeandalucia.es\/ceipvirgendelacabeza\/wp-json\/wp\/v2\/media\/4615"}],"wp:attachment":[{"href":"https:\/\/blogsaverroes.juntadeandalucia.es\/ceipvirgendelacabeza\/wp-json\/wp\/v2\/media?parent=4639"}],"wp:term":[{"taxonomy":"category","embeddable":true,"href":"https:\/\/blogsaverroes.juntadeandalucia.es\/ceipvirgendelacabeza\/wp-json\/wp\/v2\/categories?post=4639"},{"taxonomy":"post_tag","embeddable":true,"href":"https:\/\/blogsaverroes.juntadeandalucia.es\/ceipvirgendelacabeza\/wp-json\/wp\/v2\/tags?post=4639"}],"curies":[{"name":"wp","href":"https:\/\/api.w.org\/{rel}","templated":true}]}}