{"id":5032,"date":"2022-11-25T12:01:21","date_gmt":"2022-11-25T12:01:21","guid":{"rendered":"https:\/\/blogsaverroes.juntadeandalucia.es\/ceipvirgendelacabeza\/?p=5032"},"modified":"2022-11-25T12:02:55","modified_gmt":"2022-11-25T12:02:55","slug":"plan-director-2022-2023","status":"publish","type":"post","link":"https:\/\/blogsaverroes.juntadeandalucia.es\/ceipvirgendelacabeza\/plan-director-2022-2023\/","title":{"rendered":"PLAN DIRECTOR 2022\/2023"},"content":{"rendered":"<p><strong>CHARLAS DIRIGIDAS AL ALUMNADO DE 3\u00ba, 4\u00ba, 5\u00ba y 6\u00ba DE PRIMARIA<\/strong><\/p>\n<p><strong><u>TEM\u00c1TICA<\/u><\/strong><strong>: VIOLENCIA DE G\u00c9NERO E IGUALDAD<\/strong><\/p>\n<p><strong>HORA:<\/strong> 9:00 A 13:30 (UNA HORA POR CLASE APROXIMADAMENTE)<\/p>\n<p><strong>LUGAR:<\/strong> CEIP VIRGEN DE LA CABEZA<\/p>\n<p><strong>D\u00cdA<\/strong>: LUNES 28 DE NOVIEMBRE DE 2021.<\/p>\n<p><strong>PONENTE:<\/strong> Guardia Civil del Plan Director.<\/p>\n<p><a href=\"https:\/\/blogsaverroes.juntadeandalucia.es\/ceipvirgendelacabeza\/files\/2022\/11\/cartel-plan-director-2022-NOV.-2.pdf\">cartel plan director 2022 NOV.<\/a><\/p>\n<p><a href=\"https:\/\/blogsaverroes.juntadeandalucia.es\/ceipvirgendelacabeza\/files\/2022\/11\/cartel-plan-director-2022-NOV..jpg\"><img loading=\"lazy\" decoding=\"async\" class=\"aligncenter size-full wp-image-5036\" src=\"https:\/\/blogsaverroes.juntadeandalucia.es\/ceipvirgendelacabeza\/files\/2022\/11\/cartel-plan-director-2022-NOV..jpg\" alt=\"\" width=\"1131\" height=\"1600\" srcset=\"https:\/\/blogsaverroes.juntadeandalucia.es\/ceipvirgendelacabeza\/files\/2022\/11\/cartel-plan-director-2022-NOV..jpg 1131w, https:\/\/blogsaverroes.juntadeandalucia.es\/ceipvirgendelacabeza\/files\/2022\/11\/cartel-plan-director-2022-NOV.-212x300.jpg 212w, https:\/\/blogsaverroes.juntadeandalucia.es\/ceipvirgendelacabeza\/files\/2022\/11\/cartel-plan-director-2022-NOV.-724x1024.jpg 724w, https:\/\/blogsaverroes.juntadeandalucia.es\/ceipvirgendelacabeza\/files\/2022\/11\/cartel-plan-director-2022-NOV.-768x1086.jpg 768w, https:\/\/blogsaverroes.juntadeandalucia.es\/ceipvirgendelacabeza\/files\/2022\/11\/cartel-plan-director-2022-NOV.-1086x1536.jpg 1086w\" sizes=\"(max-width: 1131px) 100vw, 1131px\" \/><\/a><\/p>\n","protected":false},"excerpt":{"rendered":"<p>CHARLAS DIRIGIDAS AL ALUMNADO DE 3\u00ba, 4\u00ba, 5\u00ba y 6\u00ba DE PRIMARIA TEM\u00c1TICA: VIOLENCIA DE G\u00c9NERO E IGUALDAD HORA: 9:00 A 13:30 (UNA HORA POR CLASE APROXIMADAMENTE) LUGAR: CEIP VIRGEN DE LA CABEZA D\u00cdA:&#46;&#46;&#46;<\/p>\n","protected":false},"author":1796,"featured_media":5036,"comment_status":"closed","ping_status":"closed","sticky":false,"template":"","format":"standard","meta":{"ngg_post_thumbnail":0,"footnotes":""},"categories":[16],"tags":[],"aioseo_notices":[],"_links":{"self":[{"href":"https:\/\/blogsaverroes.juntadeandalucia.es\/ceipvirgendelacabeza\/wp-json\/wp\/v2\/posts\/5032"}],"collection":[{"href":"https:\/\/blogsaverroes.juntadeandalucia.es\/ceipvirgendelacabeza\/wp-json\/wp\/v2\/posts"}],"about":[{"href":"https:\/\/blogsaverroes.juntadeandalucia.es\/ceipvirgendelacabeza\/wp-json\/wp\/v2\/types\/post"}],"author":[{"embeddable":true,"href":"https:\/\/blogsaverroes.juntadeandalucia.es\/ceipvirgendelacabeza\/wp-json\/wp\/v2\/users\/1796"}],"replies":[{"embeddable":true,"href":"https:\/\/blogsaverroes.juntadeandalucia.es\/ceipvirgendelacabeza\/wp-json\/wp\/v2\/comments?post=5032"}],"version-history":[{"count":3,"href":"https:\/\/blogsaverroes.juntadeandalucia.es\/ceipvirgendelacabeza\/wp-json\/wp\/v2\/posts\/5032\/revisions"}],"predecessor-version":[{"id":5037,"href":"https:\/\/blogsaverroes.juntadeandalucia.es\/ceipvirgendelacabeza\/wp-json\/wp\/v2\/posts\/5032\/revisions\/5037"}],"wp:featuredmedia":[{"embeddable":true,"href":"https:\/\/blogsaverroes.juntadeandalucia.es\/ceipvirgendelacabeza\/wp-json\/wp\/v2\/media\/5036"}],"wp:attachment":[{"href":"https:\/\/blogsaverroes.juntadeandalucia.es\/ceipvirgendelacabeza\/wp-json\/wp\/v2\/media?parent=5032"}],"wp:term":[{"taxonomy":"category","embeddable":true,"href":"https:\/\/blogsaverroes.juntadeandalucia.es\/ceipvirgendelacabeza\/wp-json\/wp\/v2\/categories?post=5032"},{"taxonomy":"post_tag","embeddable":true,"href":"https:\/\/blogsaverroes.juntadeandalucia.es\/ceipvirgendelacabeza\/wp-json\/wp\/v2\/tags?post=5032"}],"curies":[{"name":"wp","href":"https:\/\/api.w.org\/{rel}","templated":true}]}}