{"id":5142,"date":"2023-06-15T08:07:09","date_gmt":"2023-06-15T08:07:09","guid":{"rendered":"https:\/\/blogsaverroes.juntadeandalucia.es\/ceipvirgendelacabeza\/?p=5142"},"modified":"2023-06-15T09:32:08","modified_gmt":"2023-06-15T09:32:08","slug":"cinema-campillo","status":"publish","type":"post","link":"https:\/\/blogsaverroes.juntadeandalucia.es\/ceipvirgendelacabeza\/cinema-campillo\/","title":{"rendered":"CINEMA CAMPILLO"},"content":{"rendered":"<p><strong><u>SALAS DE CINE <\/u><\/strong><strong><u>+ <\/u><\/strong><strong><u>GUSANITOS<\/u><\/strong><\/p>\n<p>Pel\u00edculas proyectadas en cada clase.<\/p>\n<p><a href=\"https:\/\/blogsaverroes.juntadeandalucia.es\/ceipvirgendelacabeza\/files\/2023\/06\/CINEMA-CAMPILLO-at-09.41.52.jpeg\"><img loading=\"lazy\" decoding=\"async\" class=\"aligncenter size-full wp-image-5143\" src=\"https:\/\/blogsaverroes.juntadeandalucia.es\/ceipvirgendelacabeza\/files\/2023\/06\/CINEMA-CAMPILLO-at-09.41.52.jpeg\" alt=\"\" width=\"1600\" height=\"872\" srcset=\"https:\/\/blogsaverroes.juntadeandalucia.es\/ceipvirgendelacabeza\/files\/2023\/06\/CINEMA-CAMPILLO-at-09.41.52.jpeg 1600w, https:\/\/blogsaverroes.juntadeandalucia.es\/ceipvirgendelacabeza\/files\/2023\/06\/CINEMA-CAMPILLO-at-09.41.52-300x164.jpeg 300w, https:\/\/blogsaverroes.juntadeandalucia.es\/ceipvirgendelacabeza\/files\/2023\/06\/CINEMA-CAMPILLO-at-09.41.52-1024x558.jpeg 1024w, https:\/\/blogsaverroes.juntadeandalucia.es\/ceipvirgendelacabeza\/files\/2023\/06\/CINEMA-CAMPILLO-at-09.41.52-768x419.jpeg 768w, https:\/\/blogsaverroes.juntadeandalucia.es\/ceipvirgendelacabeza\/files\/2023\/06\/CINEMA-CAMPILLO-at-09.41.52-1536x837.jpeg 1536w\" sizes=\"(max-width: 1600px) 100vw, 1600px\" \/><\/a><\/p>\n<p>D\u00eda: martes20<\/p>\n<p>Hora: 12:00<\/p>\n<p>* 3 a\u00f1os: SUPERSONIC<\/p>\n<p>* 4 a\u00f1os: MASCOTAS 2<\/p>\n<p>* 5 a\u00f1os: COCO<\/p>\n<p>* 1\u00ba E.P.: ALICIA EN EL PAIS DE LAS MARAVILLAS.<\/p>\n<p>* 2\u00ba E.P.: ALAD\u00cdN<\/p>\n<p>* 3\u00ba E.P.: MINIONS<\/p>\n<p>* 4\u00ba E.P.: SUPER L\u00d3PEZ<\/p>\n<p>* 5\u00ba E.P.: R\u00cdO<\/p>\n<p>* 6\u00ba E.P.: LA DAMA Y EL VAGABUNDO<\/p>\n","protected":false},"excerpt":{"rendered":"<p>SALAS DE CINE + GUSANITOS Pel\u00edculas proyectadas en cada clase. D\u00eda: martes20 Hora: 12:00 * 3 a\u00f1os: SUPERSONIC * 4 a\u00f1os: MASCOTAS 2 * 5 a\u00f1os: COCO * 1\u00ba E.P.: ALICIA EN EL PAIS&#46;&#46;&#46;<\/p>\n","protected":false},"author":1796,"featured_media":5143,"comment_status":"closed","ping_status":"closed","sticky":false,"template":"","format":"standard","meta":{"ngg_post_thumbnail":0,"footnotes":""},"categories":[16],"tags":[322033],"aioseo_notices":[],"_links":{"self":[{"href":"https:\/\/blogsaverroes.juntadeandalucia.es\/ceipvirgendelacabeza\/wp-json\/wp\/v2\/posts\/5142"}],"collection":[{"href":"https:\/\/blogsaverroes.juntadeandalucia.es\/ceipvirgendelacabeza\/wp-json\/wp\/v2\/posts"}],"about":[{"href":"https:\/\/blogsaverroes.juntadeandalucia.es\/ceipvirgendelacabeza\/wp-json\/wp\/v2\/types\/post"}],"author":[{"embeddable":true,"href":"https:\/\/blogsaverroes.juntadeandalucia.es\/ceipvirgendelacabeza\/wp-json\/wp\/v2\/users\/1796"}],"replies":[{"embeddable":true,"href":"https:\/\/blogsaverroes.juntadeandalucia.es\/ceipvirgendelacabeza\/wp-json\/wp\/v2\/comments?post=5142"}],"version-history":[{"count":2,"href":"https:\/\/blogsaverroes.juntadeandalucia.es\/ceipvirgendelacabeza\/wp-json\/wp\/v2\/posts\/5142\/revisions"}],"predecessor-version":[{"id":5145,"href":"https:\/\/blogsaverroes.juntadeandalucia.es\/ceipvirgendelacabeza\/wp-json\/wp\/v2\/posts\/5142\/revisions\/5145"}],"wp:featuredmedia":[{"embeddable":true,"href":"https:\/\/blogsaverroes.juntadeandalucia.es\/ceipvirgendelacabeza\/wp-json\/wp\/v2\/media\/5143"}],"wp:attachment":[{"href":"https:\/\/blogsaverroes.juntadeandalucia.es\/ceipvirgendelacabeza\/wp-json\/wp\/v2\/media?parent=5142"}],"wp:term":[{"taxonomy":"category","embeddable":true,"href":"https:\/\/blogsaverroes.juntadeandalucia.es\/ceipvirgendelacabeza\/wp-json\/wp\/v2\/categories?post=5142"},{"taxonomy":"post_tag","embeddable":true,"href":"https:\/\/blogsaverroes.juntadeandalucia.es\/ceipvirgendelacabeza\/wp-json\/wp\/v2\/tags?post=5142"}],"curies":[{"name":"wp","href":"https:\/\/api.w.org\/{rel}","templated":true}]}}