{"id":2320,"date":"2017-11-07T23:56:00","date_gmt":"2017-11-07T23:56:00","guid":{"rendered":"https:\/\/blogsaverroes.juntadeandalucia.es\/ceipvirgendelascruces\/a-rafael-rodriguez\/"},"modified":"2017-11-07T23:56:00","modified_gmt":"2017-11-07T23:56:00","slug":"a-rafael-rodriguez","status":"publish","type":"post","link":"https:\/\/blogsaverroes.juntadeandalucia.es\/ceipvirgendelascruces\/a-rafael-rodriguez\/","title":{"rendered":"A Rafael Rodr\u00edguez"},"content":{"rendered":"<p>S\u00c1BADO, 16 DE SEPTIEMBRE DE 2017 | 7:52 0  Sobre Rafael Rodr\u00edguez Jim\u00e9nez  MARGARITA MORENO BARRIOS CEIP VIRGEN DE LA CRUCES (EL GUIJO)   Pedro, su gran amigo, me dijo justo ayer que a lo largo de la vida podemos conocer a muchas personas, pero que, de ellas, s\u00f3lo unas cuantas ser\u00e1n realmente especiales; me comentaba, adem\u00e1s, que da igual cu\u00e1ndo aparezcan pues lo realmente importante es que lleguen. Me remonto al curso escolar 2013\/ 2014, pues empez\u00e1bamos un proyecto de innovaci\u00f3n llamado \u201ccomunidad de aprendizaje\u201d en el que la apertura a la comunidad y la presencia de sue\u00f1os compartidos eran su principal caracter\u00edstica. Ten\u00edamos muchas ganas e ilusi\u00f3n y necesit\u00e1bamos un voluntariado que nos apoyara.  Ten\u00edamos la compa\u00f1\u00eda de las familias, pero pens\u00e1bamos que ser\u00eda muy positivo que personas ajenas a nuestro alumnado nos enriquecieran con su experiencia; qui\u00e9n tendr\u00eda la generosidad de venir cada semana era una gran inc\u00f3gnita. Una compa\u00f1era del centro de profesorado me habl\u00f3 de la C\u00e1tedra Intergeneracional de la Universidad de C\u00f3rdoba con su sede en Pozoblanco como una posibilidad y sin pensarlo dos veces me plant\u00e9 en una de sus clases. Diez minutos fueron suficientes para convencerles y seguro que no fue por los millones de ideas que se amontonaban en mi cabeza y que dif\u00edcilmente pod\u00eda explicar con la emoci\u00f3n del momento.  Pepa, Juan de Dios, Manuel y t\u00fa lo tuvisteis claro desde el principio. Nunca imaginamos que vuestra magia tambi\u00e9n ser\u00eda un regalo para las maestras, las familias, \u2026 En ocasiones me has animado a escribir en el peri\u00f3dico, pero no encontraba el momento o no ven\u00edan las musas a visitarme. Lo que nunca imagin\u00e9 amigo m\u00edo, es que de esta manera, t\u00fa ser\u00edas mi motivo.     Una escuela rural, un universo en El Guijo y t\u00fa Rafael Rodr\u00edguez Jim\u00e9nez, cual Ingenioso Hidalgo don Quijote de Los Pedroches has cabalgado con nosotras y nosotros no s\u00f3lo por los libros de la literatura cl\u00e1sica universal, mucho m\u00e1s all\u00e1 de los cap\u00edtulos le\u00eddos en las tertulias, has sido un modelo a seguir, un verdadero amigo, un valiente mucho m\u00e1s valioso que Ulises, Eneas, el Lazarillo o el Cid, porque con la verdad de tu experiencia nos has terminando conquistando y ense\u00f1ando que con amor todo se puede.  Tus historias y chascarrillos han llenado de color una comunidad de aprendizaje peque\u00f1a pero grande en sue\u00f1os, los nuestros, los tuyos, esos que nos han llevado desde la Facultad de Ciencias de la Educaci\u00f3n a la radio COPE en Pozoblanco, o desde la Delegaci\u00f3n Provincial de Educaci\u00f3n de C\u00f3rdoba a donde hayamos visto una oportunidad para defender lo que considerabas justo, la escuela rural.  Burkina Faso a trav\u00e9s de ti y de la mano de C\u00e9sar, nuestro querido misionero salesiano de Pozoblanco, nos ha mostrado la suerte inmensa que tenemos de vivir donde vivimos y la posibilidad de poder ayudar tanto con tan poco. Todas las experiencias eran pocas para ofrec\u00e9rselas a tus ni\u00f1as y ni\u00f1os del colegio y desde \u00e9l, un agradecimiento enorme.  Tu sencillez y humildad no querr\u00edan que \u00e9ste fuese un homenaje por algo que hac\u00edas a coraz\u00f3n abierto, por eso lo dejaremos en que es s\u00f3lo una forma m\u00e1s de que se hable de tu escuela, que eso s\u00ed s\u00e9 que contar\u00eda con tu aprobaci\u00f3n, &#8230; para terminar s\u00f3lo repetir un consejo suyo \u201ccada d\u00eda una cosa nueva que contar y si no un te quiero\u201d, pues eso, Rafael, te queremos.<\/p>\n<div style=\"clear: both;text-align: center\"><a href=\"https:\/\/2.bp.blogspot.com\/-FZOkISSTGrI\/WgJH_J5YmfI\/AAAAAAAAAhM\/kQK9cZ6TP_8yibmusF6GLp2qQ_wZ5w1XwCLcBGAs\/s1600\/IMG_7610.JPG\" style=\"margin-left: 1em;margin-right: 1em\"><img loading=\"lazy\" decoding=\"async\" border=\"0\" src=\"https:\/\/2.bp.blogspot.com\/-FZOkISSTGrI\/WgJH_J5YmfI\/AAAAAAAAAhM\/kQK9cZ6TP_8yibmusF6GLp2qQ_wZ5w1XwCLcBGAs\/s320\/IMG_7610.JPG\" width=\"320\" height=\"240\" data-original-width=\"1600\" data-original-height=\"1200\" \/><\/a><\/div>\n<div style=\"clear: both;text-align: center\"><a href=\"https:\/\/4.bp.blogspot.com\/-UzSSPrAzt18\/WgJIDBxvpEI\/AAAAAAAAAhQ\/z44-VUx9KSUqCiV1sMtNUISMkUyiF1e-QCLcBGAs\/s1600\/IMG_9177.JPG\" style=\"margin-left: 1em;margin-right: 1em\"><img loading=\"lazy\" decoding=\"async\" border=\"0\" src=\"https:\/\/4.bp.blogspot.com\/-UzSSPrAzt18\/WgJIDBxvpEI\/AAAAAAAAAhQ\/z44-VUx9KSUqCiV1sMtNUISMkUyiF1e-QCLcBGAs\/s320\/IMG_9177.JPG\" width=\"320\" height=\"240\" data-original-width=\"1600\" data-original-height=\"1200\" \/><\/a><\/div>\n<div style=\"clear: both;text-align: center\"><a href=\"https:\/\/3.bp.blogspot.com\/-P5nb5d6bIec\/WgJIIQkXBnI\/AAAAAAAAAhU\/7xoDDtkrdC89EDiiLeAtswfIws94GshlQCLcBGAs\/s1600\/IMG_8215.JPG\" style=\"margin-left: 1em;margin-right: 1em\"><img loading=\"lazy\" decoding=\"async\" border=\"0\" src=\"https:\/\/3.bp.blogspot.com\/-P5nb5d6bIec\/WgJIIQkXBnI\/AAAAAAAAAhU\/7xoDDtkrdC89EDiiLeAtswfIws94GshlQCLcBGAs\/s320\/IMG_8215.JPG\" width=\"320\" height=\"240\" data-original-width=\"1600\" data-original-height=\"1200\" \/><\/a><\/div>\n","protected":false},"excerpt":{"rendered":"<p>S\u00c1BADO, 16 DE SEPTIEMBRE DE 2017 | 7:52 0 Sobre Rafael Rodr\u00edguez Jim\u00e9nez MARGARITA MORENO BARRIOS CEIP VIRGEN DE LA CRUCES (EL GUIJO) Pedro, su gran amigo, me dijo justo ayer que a lo&#46;&#46;&#46;<\/p>\n","protected":false},"author":11083,"featured_media":0,"comment_status":"open","ping_status":"open","sticky":false,"template":"","format":"standard","meta":{"ngg_post_thumbnail":0,"footnotes":""},"categories":[11909],"tags":[],"aioseo_notices":[],"_links":{"self":[{"href":"https:\/\/blogsaverroes.juntadeandalucia.es\/ceipvirgendelascruces\/wp-json\/wp\/v2\/posts\/2320"}],"collection":[{"href":"https:\/\/blogsaverroes.juntadeandalucia.es\/ceipvirgendelascruces\/wp-json\/wp\/v2\/posts"}],"about":[{"href":"https:\/\/blogsaverroes.juntadeandalucia.es\/ceipvirgendelascruces\/wp-json\/wp\/v2\/types\/post"}],"author":[{"embeddable":true,"href":"https:\/\/blogsaverroes.juntadeandalucia.es\/ceipvirgendelascruces\/wp-json\/wp\/v2\/users\/11083"}],"replies":[{"embeddable":true,"href":"https:\/\/blogsaverroes.juntadeandalucia.es\/ceipvirgendelascruces\/wp-json\/wp\/v2\/comments?post=2320"}],"version-history":[{"count":0,"href":"https:\/\/blogsaverroes.juntadeandalucia.es\/ceipvirgendelascruces\/wp-json\/wp\/v2\/posts\/2320\/revisions"}],"wp:attachment":[{"href":"https:\/\/blogsaverroes.juntadeandalucia.es\/ceipvirgendelascruces\/wp-json\/wp\/v2\/media?parent=2320"}],"wp:term":[{"taxonomy":"category","embeddable":true,"href":"https:\/\/blogsaverroes.juntadeandalucia.es\/ceipvirgendelascruces\/wp-json\/wp\/v2\/categories?post=2320"},{"taxonomy":"post_tag","embeddable":true,"href":"https:\/\/blogsaverroes.juntadeandalucia.es\/ceipvirgendelascruces\/wp-json\/wp\/v2\/tags?post=2320"}],"curies":[{"name":"wp","href":"https:\/\/api.w.org\/{rel}","templated":true}]}}