{"id":3160,"date":"2022-01-20T10:31:46","date_gmt":"2022-01-20T10:31:46","guid":{"rendered":"https:\/\/blogsaverroes.juntadeandalucia.es\/ceipvirgendelascruces\/?p=3160"},"modified":"2022-01-20T10:32:24","modified_gmt":"2022-01-20T10:32:24","slug":"3160-2","status":"publish","type":"post","link":"https:\/\/blogsaverroes.juntadeandalucia.es\/ceipvirgendelascruces\/3160-2\/","title":{"rendered":"LA PALABRA OLVIDADA"},"content":{"rendered":"<p>Compartimos LA PALABRA OLVIDADA, un cortometraje creado por el CEIP Virgen de las Cruces para la Concienciaci\u00f3n sobre el Uso Abusivo de las Redes Sociales en el II Marat\u00f3n de Cine Instant\u00e1neo de Dos Torres (C\u00f3rdoba), donde recibi\u00f3 el Primer Premio a la Mejor Direcci\u00f3n.<\/p>\n<p><iframe loading=\"lazy\" src=\"\/\/www.youtube.com\/embed\/9eS3JcdICkU\" width=\"560\" height=\"315\" frameborder=\"0\"><\/iframe><\/p>\n","protected":false},"excerpt":{"rendered":"<p>Compartimos LA PALABRA OLVIDADA, un cortometraje creado por el CEIP Virgen de las Cruces para la Concienciaci\u00f3n sobre el Uso Abusivo de las Redes Sociales en el II Marat\u00f3n de Cine Instant\u00e1neo de Dos&#46;&#46;&#46;<\/p>\n","protected":false},"author":11083,"featured_media":3161,"comment_status":"open","ping_status":"open","sticky":false,"template":"","format":"standard","meta":{"ngg_post_thumbnail":0,"footnotes":""},"categories":[307390],"tags":[],"aioseo_notices":[],"_links":{"self":[{"href":"https:\/\/blogsaverroes.juntadeandalucia.es\/ceipvirgendelascruces\/wp-json\/wp\/v2\/posts\/3160"}],"collection":[{"href":"https:\/\/blogsaverroes.juntadeandalucia.es\/ceipvirgendelascruces\/wp-json\/wp\/v2\/posts"}],"about":[{"href":"https:\/\/blogsaverroes.juntadeandalucia.es\/ceipvirgendelascruces\/wp-json\/wp\/v2\/types\/post"}],"author":[{"embeddable":true,"href":"https:\/\/blogsaverroes.juntadeandalucia.es\/ceipvirgendelascruces\/wp-json\/wp\/v2\/users\/11083"}],"replies":[{"embeddable":true,"href":"https:\/\/blogsaverroes.juntadeandalucia.es\/ceipvirgendelascruces\/wp-json\/wp\/v2\/comments?post=3160"}],"version-history":[{"count":2,"href":"https:\/\/blogsaverroes.juntadeandalucia.es\/ceipvirgendelascruces\/wp-json\/wp\/v2\/posts\/3160\/revisions"}],"predecessor-version":[{"id":3163,"href":"https:\/\/blogsaverroes.juntadeandalucia.es\/ceipvirgendelascruces\/wp-json\/wp\/v2\/posts\/3160\/revisions\/3163"}],"wp:featuredmedia":[{"embeddable":true,"href":"https:\/\/blogsaverroes.juntadeandalucia.es\/ceipvirgendelascruces\/wp-json\/wp\/v2\/media\/3161"}],"wp:attachment":[{"href":"https:\/\/blogsaverroes.juntadeandalucia.es\/ceipvirgendelascruces\/wp-json\/wp\/v2\/media?parent=3160"}],"wp:term":[{"taxonomy":"category","embeddable":true,"href":"https:\/\/blogsaverroes.juntadeandalucia.es\/ceipvirgendelascruces\/wp-json\/wp\/v2\/categories?post=3160"},{"taxonomy":"post_tag","embeddable":true,"href":"https:\/\/blogsaverroes.juntadeandalucia.es\/ceipvirgendelascruces\/wp-json\/wp\/v2\/tags?post=3160"}],"curies":[{"name":"wp","href":"https:\/\/api.w.org\/{rel}","templated":true}]}}