{"id":3167,"date":"2022-02-10T11:26:37","date_gmt":"2022-02-10T11:26:37","guid":{"rendered":"https:\/\/blogsaverroes.juntadeandalucia.es\/ceipvirgendelascruces\/?p=3167"},"modified":"2022-02-10T11:34:59","modified_gmt":"2022-02-10T11:34:59","slug":"i-will-be-there","status":"publish","type":"post","link":"https:\/\/blogsaverroes.juntadeandalucia.es\/ceipvirgendelascruces\/i-will-be-there\/","title":{"rendered":"I WILL BE THERE (CORTOMETRAJE)"},"content":{"rendered":"<p><iframe loading=\"lazy\" title=\"I WILL BE THERE (Estar\u00e9 ah\u00ed) | Cortometraje para la conmemoraci\u00f3n del D\u00eda Internacional de la Paz\" width=\"500\" height=\"281\" src=\"https:\/\/www.youtube.com\/embed\/x5gymsxxY8w?start=344&#038;feature=oembed&#038;wmode=opaque\" frameborder=\"0\" allow=\"accelerometer; autoplay; clipboard-write; encrypted-media; gyroscope; picture-in-picture; web-share\" referrerpolicy=\"strict-origin-when-cross-origin\" allowfullscreen><\/iframe><\/p>\n<p>I WILL BE THERE es un cortometraje creado por el CEIP Virgen de las Cruces de El Guijo (C\u00f3rdoba) dentro del proyecto de eTwinning titulado \u00abODS: \u00a1Luces, C\u00e1mara, Acci\u00f3n!\u00bb que tiene como objetivo crear cortometrajes que utilicen tecnolog\u00eda educativa para mejorar el dominio del idioma ingl\u00e9s en la Educaci\u00f3n Primaria en varios pa\u00edses, al tiempo que promueve la Agenda 2030 y los Objetivos de Desarrollo Sostenible (ODS). Los participantes de este proyecto usan el ingl\u00e9s como lengua extranjera tanto para producir estos cortometrajes como para establecer comunicaci\u00f3n con estudiantes colaboradores de otras escuelas europeas \/ internacionales. En esta ocasi\u00f3n, y con motivo del D\u00eda Internacional de la Paz, I WILL BE THERE trabaja principalmente los objetivos \u00abPaz, justicia e instituciones s\u00f3lidas\u00bb (16) y \u00abAlianzas para lograr los objetivos\u00bb (17). I WILL BE THERE ha sido dirigido, guionizado y editado por Juan Blas Guarde\u00f1o Carrasquilla y Margarita Moreno Barrios. La banda sonora y el tema \u00abI will be there\u00bb han sido compuestos e interpretados el cantante Juan Blas.<\/p>\n<p>&nbsp;<\/p>\n","protected":false},"excerpt":{"rendered":"<p>I WILL BE THERE es un cortometraje creado por el CEIP Virgen de las Cruces de El Guijo (C\u00f3rdoba) dentro del proyecto de eTwinning titulado \u00abODS: \u00a1Luces, C\u00e1mara, Acci\u00f3n!\u00bb que tiene como objetivo crear&#46;&#46;&#46;<\/p>\n","protected":false},"author":11083,"featured_media":3176,"comment_status":"open","ping_status":"open","sticky":false,"template":"","format":"standard","meta":{"ngg_post_thumbnail":0,"footnotes":""},"categories":[307390,11909],"tags":[],"aioseo_notices":[],"_links":{"self":[{"href":"https:\/\/blogsaverroes.juntadeandalucia.es\/ceipvirgendelascruces\/wp-json\/wp\/v2\/posts\/3167"}],"collection":[{"href":"https:\/\/blogsaverroes.juntadeandalucia.es\/ceipvirgendelascruces\/wp-json\/wp\/v2\/posts"}],"about":[{"href":"https:\/\/blogsaverroes.juntadeandalucia.es\/ceipvirgendelascruces\/wp-json\/wp\/v2\/types\/post"}],"author":[{"embeddable":true,"href":"https:\/\/blogsaverroes.juntadeandalucia.es\/ceipvirgendelascruces\/wp-json\/wp\/v2\/users\/11083"}],"replies":[{"embeddable":true,"href":"https:\/\/blogsaverroes.juntadeandalucia.es\/ceipvirgendelascruces\/wp-json\/wp\/v2\/comments?post=3167"}],"version-history":[{"count":4,"href":"https:\/\/blogsaverroes.juntadeandalucia.es\/ceipvirgendelascruces\/wp-json\/wp\/v2\/posts\/3167\/revisions"}],"predecessor-version":[{"id":3178,"href":"https:\/\/blogsaverroes.juntadeandalucia.es\/ceipvirgendelascruces\/wp-json\/wp\/v2\/posts\/3167\/revisions\/3178"}],"wp:featuredmedia":[{"embeddable":true,"href":"https:\/\/blogsaverroes.juntadeandalucia.es\/ceipvirgendelascruces\/wp-json\/wp\/v2\/media\/3176"}],"wp:attachment":[{"href":"https:\/\/blogsaverroes.juntadeandalucia.es\/ceipvirgendelascruces\/wp-json\/wp\/v2\/media?parent=3167"}],"wp:term":[{"taxonomy":"category","embeddable":true,"href":"https:\/\/blogsaverroes.juntadeandalucia.es\/ceipvirgendelascruces\/wp-json\/wp\/v2\/categories?post=3167"},{"taxonomy":"post_tag","embeddable":true,"href":"https:\/\/blogsaverroes.juntadeandalucia.es\/ceipvirgendelascruces\/wp-json\/wp\/v2\/tags?post=3167"}],"curies":[{"name":"wp","href":"https:\/\/api.w.org\/{rel}","templated":true}]}}