{"id":1093,"date":"2025-06-13T16:20:54","date_gmt":"2025-06-13T15:20:54","guid":{"rendered":"https:\/\/blogsaverroes.juntadeandalucia.es\/ceipvirgendelcarmensetenil\/?p=1093"},"modified":"2025-06-13T16:23:51","modified_gmt":"2025-06-13T15:23:51","slug":"extra-extra-nace-setenil-es-informacion","status":"publish","type":"post","link":"https:\/\/blogsaverroes.juntadeandalucia.es\/ceipvirgendelcarmensetenil\/extra-extra-nace-setenil-es-informacion\/","title":{"rendered":"Extra, extra, nace el peri\u00f3dico digital: &#8220;Setenil es informaci\u00f3n&#8221;."},"content":{"rendered":"<div class=\"xdj266r x14z9mp xat24cr x1lziwak x1vvkbs x126k92a\">\n<div dir=\"auto\"><span class=\"html-span xexx8yu xyri2b x18d9i69 x1c1uobl x1hl2dhg x16tdsg8 x1vvkbs x3nfvp2 x1j61x8r x1fcty0u xdj266r xat24cr xm2jcoa x1mpyi22 xxymvpz xlup9mm x1kky2od\"><img decoding=\"async\" class=\"xz74otr x15mokao x1ga7v0g x16uus16 xbiv7yw\" src=\"https:\/\/static.xx.fbcdn.net\/images\/emoji.php\/v9\/t75\/2\/16\/1f4f0.png\" alt=\"\ud83d\udcf0\" width=\"16\" height=\"16\"><\/span><span class=\"html-span xexx8yu xyri2b x18d9i69 x1c1uobl x1hl2dhg x16tdsg8 x1vvkbs x3nfvp2 x1j61x8r x1fcty0u xdj266r xat24cr xm2jcoa x1mpyi22 xxymvpz xlup9mm x1kky2od\"><img decoding=\"async\" class=\"xz74otr x15mokao x1ga7v0g x16uus16 xbiv7yw\" src=\"https:\/\/static.xx.fbcdn.net\/images\/emoji.php\/v9\/t75\/2\/16\/2728.png\" alt=\"\u2728\" width=\"16\" height=\"16\"><\/span> \u00a1Nace <strong>\u201cSetenil es Informaci\u00f3n\u201d!<\/strong> <span class=\"html-span xexx8yu xyri2b x18d9i69 x1c1uobl x1hl2dhg x16tdsg8 x1vvkbs x3nfvp2 x1j61x8r x1fcty0u xdj266r xat24cr xm2jcoa x1mpyi22 xxymvpz xlup9mm x1kky2od\"><img decoding=\"async\" class=\"xz74otr x15mokao x1ga7v0g x16uus16 xbiv7yw\" src=\"https:\/\/static.xx.fbcdn.net\/images\/emoji.php\/v9\/t75\/2\/16\/2728.png\" alt=\"\u2728\" width=\"16\" height=\"16\"><\/span><span class=\"html-span xexx8yu xyri2b x18d9i69 x1c1uobl x1hl2dhg x16tdsg8 x1vvkbs x3nfvp2 x1j61x8r x1fcty0u xdj266r xat24cr xm2jcoa x1mpyi22 xxymvpz xlup9mm x1kky2od\"><img decoding=\"async\" class=\"xz74otr x15mokao x1ga7v0g x16uus16 xbiv7yw\" src=\"https:\/\/static.xx.fbcdn.net\/images\/emoji.php\/v9\/t75\/2\/16\/1f4f0.png\" alt=\"\ud83d\udcf0\" width=\"16\" height=\"16\"><\/span><\/div>\n<div dir=\"auto\">El alumnado de 6\u00ba del CEIP de Setenil presenta con mucha ilusi\u00f3n su nuevo proyecto: un peri\u00f3dico digital escolar creado por y para la comunidad educativa.<\/div>\n<\/div>\n<div class=\"x14z9mp xat24cr x1lziwak x1vvkbs xtlvy1s x126k92a\">\n<div dir=\"auto\">A trav\u00e9s de este medio, nuestro alumnado se convierte en periodista, redactor y fot\u00f3grafo, contando &#8220;la informaci\u00f3n con emoci\u00f3n y diversi\u00f3n&#8221;, tratando sobre temas del pueblo desde una mirada cr\u00edtica, creativa y muy cercana.<\/div>\n<\/div>\n<div class=\"x14z9mp xat24cr x1lziwak x1vvkbs xtlvy1s x126k92a\">\n<div dir=\"auto\"><strong>\u201cSetenil es Informaci\u00f3n\u201d<\/strong> es una ventana abierta a lo que pasa dentro y fuera del aula. \u00a1Os invitamos a leerlo, compartirlo y apoyar este proyecto que une educaci\u00f3n, comunicaci\u00f3n y participaci\u00f3n!.<\/div>\n<\/div>\n<div dir=\"auto\">&nbsp;<\/div>\n<div dir=\"auto\"><a href=\"https:\/\/blogsaverroes.juntadeandalucia.es\/ceipvirgendelcarmensetenil\/files\/2025\/06\/PERIODICO-DIGITAL-SETENIL-DE-LAS-BODEGAS.pdf\">PERI\u00d3DICO DIGITAL SETENIL DE LAS BODEGAS<\/a><\/div>\n","protected":false},"excerpt":{"rendered":"<p>\u00a1Nace \u201cSetenil es Informaci\u00f3n\u201d! El alumnado de 6\u00ba del CEIP de Setenil presenta con mucha ilusi\u00f3n su nuevo proyecto: un peri\u00f3dico digital escolar creado por y para la comunidad educativa. A trav\u00e9s de este medio, nuestro alumnado se convierte en periodista, redactor y fot\u00f3grafo, contando &#8220;la informaci\u00f3n con emoci\u00f3n y diversi\u00f3n&#8221;, tratando sobre temas del [&hellip;]<\/p>\n","protected":false},"author":7294,"featured_media":0,"comment_status":"open","ping_status":"open","sticky":false,"template":"","format":"standard","meta":{"_et_pb_use_builder":"","_et_pb_old_content":"","_et_gb_content_width":"","ngg_post_thumbnail":0,"footnotes":""},"categories":[1],"tags":[],"aioseo_notices":[],"post_mailing_queue_ids":[],"_links":{"self":[{"href":"https:\/\/blogsaverroes.juntadeandalucia.es\/ceipvirgendelcarmensetenil\/wp-json\/wp\/v2\/posts\/1093"}],"collection":[{"href":"https:\/\/blogsaverroes.juntadeandalucia.es\/ceipvirgendelcarmensetenil\/wp-json\/wp\/v2\/posts"}],"about":[{"href":"https:\/\/blogsaverroes.juntadeandalucia.es\/ceipvirgendelcarmensetenil\/wp-json\/wp\/v2\/types\/post"}],"author":[{"embeddable":true,"href":"https:\/\/blogsaverroes.juntadeandalucia.es\/ceipvirgendelcarmensetenil\/wp-json\/wp\/v2\/users\/7294"}],"replies":[{"embeddable":true,"href":"https:\/\/blogsaverroes.juntadeandalucia.es\/ceipvirgendelcarmensetenil\/wp-json\/wp\/v2\/comments?post=1093"}],"version-history":[{"count":3,"href":"https:\/\/blogsaverroes.juntadeandalucia.es\/ceipvirgendelcarmensetenil\/wp-json\/wp\/v2\/posts\/1093\/revisions"}],"predecessor-version":[{"id":1097,"href":"https:\/\/blogsaverroes.juntadeandalucia.es\/ceipvirgendelcarmensetenil\/wp-json\/wp\/v2\/posts\/1093\/revisions\/1097"}],"wp:attachment":[{"href":"https:\/\/blogsaverroes.juntadeandalucia.es\/ceipvirgendelcarmensetenil\/wp-json\/wp\/v2\/media?parent=1093"}],"wp:term":[{"taxonomy":"category","embeddable":true,"href":"https:\/\/blogsaverroes.juntadeandalucia.es\/ceipvirgendelcarmensetenil\/wp-json\/wp\/v2\/categories?post=1093"},{"taxonomy":"post_tag","embeddable":true,"href":"https:\/\/blogsaverroes.juntadeandalucia.es\/ceipvirgendelcarmensetenil\/wp-json\/wp\/v2\/tags?post=1093"}],"curies":[{"name":"wp","href":"https:\/\/api.w.org\/{rel}","templated":true}]}}