{"id":1102,"date":"2025-09-09T09:37:56","date_gmt":"2025-09-09T08:37:56","guid":{"rendered":"https:\/\/blogsaverroes.juntadeandalucia.es\/ceipvirgendelcarmensetenil\/?p=1102"},"modified":"2025-09-09T09:37:56","modified_gmt":"2025-09-09T08:37:56","slug":"inicio-curso-escolar-2025-2026","status":"publish","type":"post","link":"https:\/\/blogsaverroes.juntadeandalucia.es\/ceipvirgendelcarmensetenil\/inicio-curso-escolar-2025-2026\/","title":{"rendered":"INICIO CURSO ESCOLAR 2025\/2026"},"content":{"rendered":"<div class=\"xdj266r x14z9mp xat24cr x1lziwak x1vvkbs x126k92a\">\n<div dir=\"auto\">Querida comunidad educativa,<\/div>\n<\/div>\n<div class=\"x14z9mp xat24cr x1lziwak x1vvkbs xtlvy1s x126k92a\">\n<div dir=\"auto\">comenzamos un nuevo curso escolar lleno de retos, ilusiones y oportunidades para seguir aprendiendo juntos.<\/div>\n<\/div>\n<div class=\"x14z9mp xat24cr x1lziwak x1vvkbs xtlvy1s x126k92a\">\n<div dir=\"auto\">Cada d\u00eda en el aula es una semilla que sembramos entre todos y con esfuerzo, paciencia, pasi\u00f3n y vocaci\u00f3n alcanzaremos el cielo.<\/div>\n<\/div>\n<div class=\"x14z9mp xat24cr x1lziwak x1vvkbs xtlvy1s x126k92a\">\n<div dir=\"auto\">Os deseamos un curso lleno de energ\u00eda, alegr\u00eda y motivaci\u00f3n. Que nunca falte la pasi\u00f3n por aprender y la confianza por crecer. \u00a1Mucho \u00e1nimo y todo lo mejor para este nuevo comienzo!<\/div>\n<div dir=\"auto\">&nbsp;<\/div>\n<div dir=\"auto\">Adjuntamos el calendario escolar, cuyos festivos locales designados han sido 6 de abril y 18 de mayo.<\/div>\n<div dir=\"auto\">&nbsp;<\/div>\n<div dir=\"auto\">Adem\u00e1s, &nbsp;tras aprobaci\u00f3n en Consejo Escolar se ha designado el jueves 26 de febrero como d\u00eda no lectivo.<\/div>\n<\/div>\n<div dir=\"auto\">&nbsp;<\/div>\n<div class=\"x14z9mp xat24cr x1lziwak x1vvkbs xtlvy1s x126k92a\">\n<div dir=\"auto\"><img fetchpriority=\"high\" fetchpriority=\"high\" decoding=\"async\" class=\"alignnone size-medium wp-image-1103\" src=\"https:\/\/blogsaverroes.juntadeandalucia.es\/ceipvirgendelcarmensetenil\/files\/2025\/09\/INICIO-25-26-218x300.jpg\" alt=\"\" width=\"218\" height=\"300\"><img decoding=\"async\" class=\"alignnone size-medium wp-image-1104\" src=\"https:\/\/blogsaverroes.juntadeandalucia.es\/ceipvirgendelcarmensetenil\/files\/2025\/09\/Calendario-Escolar-300x225.jpg\" alt=\"\" width=\"300\" height=\"225\"><\/div>\n<\/div>\n<div dir=\"auto\">&nbsp;<\/div>\n","protected":false},"excerpt":{"rendered":"<p>Querida comunidad educativa, comenzamos un nuevo curso escolar lleno de retos, ilusiones y oportunidades para seguir aprendiendo juntos. Cada d\u00eda en el aula es una semilla que sembramos entre todos y con esfuerzo, paciencia, pasi\u00f3n y vocaci\u00f3n alcanzaremos el cielo. Os deseamos un curso lleno de energ\u00eda, alegr\u00eda y motivaci\u00f3n. Que nunca falte la pasi\u00f3n [&hellip;]<\/p>\n","protected":false},"author":7294,"featured_media":0,"comment_status":"open","ping_status":"open","sticky":false,"template":"","format":"standard","meta":{"_et_pb_use_builder":"","_et_pb_old_content":"","_et_gb_content_width":"","ngg_post_thumbnail":0,"footnotes":""},"categories":[1],"tags":[],"aioseo_notices":[],"post_mailing_queue_ids":[],"_links":{"self":[{"href":"https:\/\/blogsaverroes.juntadeandalucia.es\/ceipvirgendelcarmensetenil\/wp-json\/wp\/v2\/posts\/1102"}],"collection":[{"href":"https:\/\/blogsaverroes.juntadeandalucia.es\/ceipvirgendelcarmensetenil\/wp-json\/wp\/v2\/posts"}],"about":[{"href":"https:\/\/blogsaverroes.juntadeandalucia.es\/ceipvirgendelcarmensetenil\/wp-json\/wp\/v2\/types\/post"}],"author":[{"embeddable":true,"href":"https:\/\/blogsaverroes.juntadeandalucia.es\/ceipvirgendelcarmensetenil\/wp-json\/wp\/v2\/users\/7294"}],"replies":[{"embeddable":true,"href":"https:\/\/blogsaverroes.juntadeandalucia.es\/ceipvirgendelcarmensetenil\/wp-json\/wp\/v2\/comments?post=1102"}],"version-history":[{"count":1,"href":"https:\/\/blogsaverroes.juntadeandalucia.es\/ceipvirgendelcarmensetenil\/wp-json\/wp\/v2\/posts\/1102\/revisions"}],"predecessor-version":[{"id":1105,"href":"https:\/\/blogsaverroes.juntadeandalucia.es\/ceipvirgendelcarmensetenil\/wp-json\/wp\/v2\/posts\/1102\/revisions\/1105"}],"wp:attachment":[{"href":"https:\/\/blogsaverroes.juntadeandalucia.es\/ceipvirgendelcarmensetenil\/wp-json\/wp\/v2\/media?parent=1102"}],"wp:term":[{"taxonomy":"category","embeddable":true,"href":"https:\/\/blogsaverroes.juntadeandalucia.es\/ceipvirgendelcarmensetenil\/wp-json\/wp\/v2\/categories?post=1102"},{"taxonomy":"post_tag","embeddable":true,"href":"https:\/\/blogsaverroes.juntadeandalucia.es\/ceipvirgendelcarmensetenil\/wp-json\/wp\/v2\/tags?post=1102"}],"curies":[{"name":"wp","href":"https:\/\/api.w.org\/{rel}","templated":true}]}}