{"id":2357,"date":"2020-12-04T18:57:11","date_gmt":"2020-12-04T18:57:11","guid":{"rendered":"https:\/\/blogsaverroes.juntadeandalucia.es\/ceipvirgendelmar\/?p=2357"},"modified":"2020-12-04T18:59:41","modified_gmt":"2020-12-04T18:59:41","slug":"3-de-diciembre-dia-de-la-discapacidad","status":"publish","type":"post","link":"https:\/\/blogsaverroes.juntadeandalucia.es\/ceipvirgendelmar\/2020\/12\/04\/3-de-diciembre-dia-de-la-discapacidad\/","title":{"rendered":"3 de diciembre&#8230;. D\u00eda de la Discapacidad"},"content":{"rendered":"<p><a href=\"https:\/\/blogsaverroes.juntadeandalucia.es\/ceipvirgendelmar\/files\/2020\/12\/IMG-20201204-WA0022.jpg\"><img loading=\"lazy\" decoding=\"async\" class=\" wp-image-2345 alignleft\" src=\"https:\/\/blogsaverroes.juntadeandalucia.es\/ceipvirgendelmar\/files\/2020\/12\/IMG-20201204-WA0022-300x138.jpg\" alt=\"\" width=\"406\" height=\"187\" srcset=\"https:\/\/blogsaverroes.juntadeandalucia.es\/ceipvirgendelmar\/files\/2020\/12\/IMG-20201204-WA0022-300x138.jpg 300w, https:\/\/blogsaverroes.juntadeandalucia.es\/ceipvirgendelmar\/files\/2020\/12\/IMG-20201204-WA0022-1024x473.jpg 1024w, https:\/\/blogsaverroes.juntadeandalucia.es\/ceipvirgendelmar\/files\/2020\/12\/IMG-20201204-WA0022-768x354.jpg 768w, https:\/\/blogsaverroes.juntadeandalucia.es\/ceipvirgendelmar\/files\/2020\/12\/IMG-20201204-WA0022-1536x709.jpg 1536w, https:\/\/blogsaverroes.juntadeandalucia.es\/ceipvirgendelmar\/files\/2020\/12\/IMG-20201204-WA0022-24x11.jpg 24w, https:\/\/blogsaverroes.juntadeandalucia.es\/ceipvirgendelmar\/files\/2020\/12\/IMG-20201204-WA0022-36x17.jpg 36w, https:\/\/blogsaverroes.juntadeandalucia.es\/ceipvirgendelmar\/files\/2020\/12\/IMG-20201204-WA0022-48x22.jpg 48w, https:\/\/blogsaverroes.juntadeandalucia.es\/ceipvirgendelmar\/files\/2020\/12\/IMG-20201204-WA0022.jpg 1600w\" sizes=\"(max-width: 406px) 100vw, 406px\" \/><\/a>En nuestro cole pensamos que es fundamental concienciar a nuestro alumnado, desde que son peque\u00f1os, de la importancia que tiene valorar las distintas CAPACIDADES que todos y cada uno de nosotros tenemos. Para ello, aprovechamos el 3 de diciembre (D\u00eda de la Discapacidad) para abordar algunos aspectos relativos a este tema.<\/p>\n<p>As\u00ed pues, adem\u00e1s de una preciosa actividad que llevamos a cabo a nivel de centro, en las aulas de Infantil trabajamos el cuento de <em><strong>\u00abEl cazo de Lorenzo\u00bb<\/strong><\/em> (tanto en formato papel como visionando un v\u00eddeo del mismo). A continuaci\u00f3n, os dejamos el v\u00eddeo de este precioso cuento, por si quer\u00e9is verlo en casa con los peques&#8230; \u00a1\u00a1a ellos\/as les encant\u00f3!!<\/p>\n<p><iframe loading=\"lazy\" src=\"https:\/\/www.youtube.com\/embed\/nSh_KGiYjqk\" width=\"560\" height=\"315\" frameborder=\"0\"><\/iframe><\/p>\n<p>Despu\u00e9s de ver el cuento y de hablar de las capacidades y dificultades que todos y cada uno de nosotros presentamos, decidimos hacer nuestra propia versi\u00f3n de Lorenzo&#8230; \u00a1\u00a1nos quedaron unos dibujos preciosos!! Aqu\u00ed os dejamos con algunos de ellos&#8230; esperamos que os gusten tanto como a nosotras&#8230; \u00a1\u00a1Hasta pronto!!<\/p>\n\n\t\t<style type=\"text\/css\">\n\t\t\t#gallery-1 {\n\t\t\t\tmargin: auto;\n\t\t\t}\n\t\t\t#gallery-1 .gallery-item {\n\t\t\t\tfloat: left;\n\t\t\t\tmargin-top: 10px;\n\t\t\t\ttext-align: center;\n\t\t\t\twidth: 33%;\n\t\t\t}\n\t\t\t#gallery-1 img {\n\t\t\t\tborder: 2px solid #cfcfcf;\n\t\t\t}\n\t\t\t#gallery-1 .gallery-caption {\n\t\t\t\tmargin-left: 0;\n\t\t\t}\n\t\t\t\/* see gallery_shortcode() in wp-includes\/media.php *\/\n\t\t<\/style>\n\t\t<div id='gallery-1' class='gallery galleryid-2357 gallery-columns-3 gallery-size-medium'><dl class='gallery-item'>\n\t\t\t<dt class='gallery-icon landscape'>\n\t\t\t\t<a href='https:\/\/blogsaverroes.juntadeandalucia.es\/ceipvirgendelmar\/img-20201204-wa0019\/'><img loading=\"lazy\" decoding=\"async\" width=\"300\" height=\"211\" src=\"https:\/\/blogsaverroes.juntadeandalucia.es\/ceipvirgendelmar\/files\/2020\/12\/IMG-20201204-WA0019-300x211.jpg\" class=\"attachment-medium size-medium\" alt=\"\" srcset=\"https:\/\/blogsaverroes.juntadeandalucia.es\/ceipvirgendelmar\/files\/2020\/12\/IMG-20201204-WA0019-300x211.jpg 300w, https:\/\/blogsaverroes.juntadeandalucia.es\/ceipvirgendelmar\/files\/2020\/12\/IMG-20201204-WA0019-1024x719.jpg 1024w, https:\/\/blogsaverroes.juntadeandalucia.es\/ceipvirgendelmar\/files\/2020\/12\/IMG-20201204-WA0019-768x539.jpg 768w, https:\/\/blogsaverroes.juntadeandalucia.es\/ceipvirgendelmar\/files\/2020\/12\/IMG-20201204-WA0019-1536x1079.jpg 1536w, https:\/\/blogsaverroes.juntadeandalucia.es\/ceipvirgendelmar\/files\/2020\/12\/IMG-20201204-WA0019-24x17.jpg 24w, https:\/\/blogsaverroes.juntadeandalucia.es\/ceipvirgendelmar\/files\/2020\/12\/IMG-20201204-WA0019-36x25.jpg 36w, https:\/\/blogsaverroes.juntadeandalucia.es\/ceipvirgendelmar\/files\/2020\/12\/IMG-20201204-WA0019-48x34.jpg 48w, https:\/\/blogsaverroes.juntadeandalucia.es\/ceipvirgendelmar\/files\/2020\/12\/IMG-20201204-WA0019.jpg 1600w\" sizes=\"(max-width: 300px) 100vw, 300px\" \/><\/a>\n\t\t\t<\/dt><\/dl><dl class='gallery-item'>\n\t\t\t<dt class='gallery-icon portrait'>\n\t\t\t\t<a href='https:\/\/blogsaverroes.juntadeandalucia.es\/ceipvirgendelmar\/20201204_101403\/'><img loading=\"lazy\" decoding=\"async\" width=\"225\" height=\"300\" src=\"https:\/\/blogsaverroes.juntadeandalucia.es\/ceipvirgendelmar\/files\/2020\/12\/20201204_101403-225x300.jpg\" class=\"attachment-medium size-medium\" alt=\"\" srcset=\"https:\/\/blogsaverroes.juntadeandalucia.es\/ceipvirgendelmar\/files\/2020\/12\/20201204_101403-225x300.jpg 225w, https:\/\/blogsaverroes.juntadeandalucia.es\/ceipvirgendelmar\/files\/2020\/12\/20201204_101403-768x1024.jpg 768w, https:\/\/blogsaverroes.juntadeandalucia.es\/ceipvirgendelmar\/files\/2020\/12\/20201204_101403-1152x1536.jpg 1152w, https:\/\/blogsaverroes.juntadeandalucia.es\/ceipvirgendelmar\/files\/2020\/12\/20201204_101403-1536x2048.jpg 1536w, https:\/\/blogsaverroes.juntadeandalucia.es\/ceipvirgendelmar\/files\/2020\/12\/20201204_101403-18x24.jpg 18w, https:\/\/blogsaverroes.juntadeandalucia.es\/ceipvirgendelmar\/files\/2020\/12\/20201204_101403-27x36.jpg 27w, https:\/\/blogsaverroes.juntadeandalucia.es\/ceipvirgendelmar\/files\/2020\/12\/20201204_101403-36x48.jpg 36w, https:\/\/blogsaverroes.juntadeandalucia.es\/ceipvirgendelmar\/files\/2020\/12\/20201204_101403-scaled.jpg 1200w\" sizes=\"(max-width: 225px) 100vw, 225px\" \/><\/a>\n\t\t\t<\/dt><\/dl><dl class='gallery-item'>\n\t\t\t<dt class='gallery-icon portrait'>\n\t\t\t\t<a href='https:\/\/blogsaverroes.juntadeandalucia.es\/ceipvirgendelmar\/20201204_101351\/'><img loading=\"lazy\" decoding=\"async\" width=\"225\" height=\"300\" src=\"https:\/\/blogsaverroes.juntadeandalucia.es\/ceipvirgendelmar\/files\/2020\/12\/20201204_101351-225x300.jpg\" class=\"attachment-medium size-medium\" alt=\"\" srcset=\"https:\/\/blogsaverroes.juntadeandalucia.es\/ceipvirgendelmar\/files\/2020\/12\/20201204_101351-225x300.jpg 225w, https:\/\/blogsaverroes.juntadeandalucia.es\/ceipvirgendelmar\/files\/2020\/12\/20201204_101351-768x1024.jpg 768w, https:\/\/blogsaverroes.juntadeandalucia.es\/ceipvirgendelmar\/files\/2020\/12\/20201204_101351-1152x1536.jpg 1152w, https:\/\/blogsaverroes.juntadeandalucia.es\/ceipvirgendelmar\/files\/2020\/12\/20201204_101351-1536x2048.jpg 1536w, https:\/\/blogsaverroes.juntadeandalucia.es\/ceipvirgendelmar\/files\/2020\/12\/20201204_101351-18x24.jpg 18w, https:\/\/blogsaverroes.juntadeandalucia.es\/ceipvirgendelmar\/files\/2020\/12\/20201204_101351-27x36.jpg 27w, https:\/\/blogsaverroes.juntadeandalucia.es\/ceipvirgendelmar\/files\/2020\/12\/20201204_101351-36x48.jpg 36w, https:\/\/blogsaverroes.juntadeandalucia.es\/ceipvirgendelmar\/files\/2020\/12\/20201204_101351-scaled.jpg 1200w\" sizes=\"(max-width: 225px) 100vw, 225px\" \/><\/a>\n\t\t\t<\/dt><\/dl><br style=\"clear: both\" \/><dl class='gallery-item'>\n\t\t\t<dt class='gallery-icon landscape'>\n\t\t\t\t<a href='https:\/\/blogsaverroes.juntadeandalucia.es\/ceipvirgendelmar\/img-20201204-wa0018\/'><img loading=\"lazy\" decoding=\"async\" width=\"300\" height=\"218\" src=\"https:\/\/blogsaverroes.juntadeandalucia.es\/ceipvirgendelmar\/files\/2020\/12\/IMG-20201204-WA0018-300x218.jpg\" class=\"attachment-medium size-medium\" alt=\"\" srcset=\"https:\/\/blogsaverroes.juntadeandalucia.es\/ceipvirgendelmar\/files\/2020\/12\/IMG-20201204-WA0018-300x218.jpg 300w, https:\/\/blogsaverroes.juntadeandalucia.es\/ceipvirgendelmar\/files\/2020\/12\/IMG-20201204-WA0018-1024x745.jpg 1024w, https:\/\/blogsaverroes.juntadeandalucia.es\/ceipvirgendelmar\/files\/2020\/12\/IMG-20201204-WA0018-768x558.jpg 768w, https:\/\/blogsaverroes.juntadeandalucia.es\/ceipvirgendelmar\/files\/2020\/12\/IMG-20201204-WA0018-1536x1117.jpg 1536w, https:\/\/blogsaverroes.juntadeandalucia.es\/ceipvirgendelmar\/files\/2020\/12\/IMG-20201204-WA0018-24x17.jpg 24w, https:\/\/blogsaverroes.juntadeandalucia.es\/ceipvirgendelmar\/files\/2020\/12\/IMG-20201204-WA0018-36x26.jpg 36w, https:\/\/blogsaverroes.juntadeandalucia.es\/ceipvirgendelmar\/files\/2020\/12\/IMG-20201204-WA0018-48x35.jpg 48w, https:\/\/blogsaverroes.juntadeandalucia.es\/ceipvirgendelmar\/files\/2020\/12\/IMG-20201204-WA0018.jpg 1600w\" sizes=\"(max-width: 300px) 100vw, 300px\" \/><\/a>\n\t\t\t<\/dt><\/dl><dl class='gallery-item'>\n\t\t\t<dt class='gallery-icon portrait'>\n\t\t\t\t<a href='https:\/\/blogsaverroes.juntadeandalucia.es\/ceipvirgendelmar\/20201204_101340\/'><img loading=\"lazy\" decoding=\"async\" width=\"225\" height=\"300\" src=\"https:\/\/blogsaverroes.juntadeandalucia.es\/ceipvirgendelmar\/files\/2020\/12\/20201204_101340-225x300.jpg\" class=\"attachment-medium size-medium\" alt=\"\" srcset=\"https:\/\/blogsaverroes.juntadeandalucia.es\/ceipvirgendelmar\/files\/2020\/12\/20201204_101340-225x300.jpg 225w, https:\/\/blogsaverroes.juntadeandalucia.es\/ceipvirgendelmar\/files\/2020\/12\/20201204_101340-768x1024.jpg 768w, https:\/\/blogsaverroes.juntadeandalucia.es\/ceipvirgendelmar\/files\/2020\/12\/20201204_101340-1152x1536.jpg 1152w, https:\/\/blogsaverroes.juntadeandalucia.es\/ceipvirgendelmar\/files\/2020\/12\/20201204_101340-1536x2048.jpg 1536w, https:\/\/blogsaverroes.juntadeandalucia.es\/ceipvirgendelmar\/files\/2020\/12\/20201204_101340-18x24.jpg 18w, https:\/\/blogsaverroes.juntadeandalucia.es\/ceipvirgendelmar\/files\/2020\/12\/20201204_101340-27x36.jpg 27w, https:\/\/blogsaverroes.juntadeandalucia.es\/ceipvirgendelmar\/files\/2020\/12\/20201204_101340-36x48.jpg 36w, https:\/\/blogsaverroes.juntadeandalucia.es\/ceipvirgendelmar\/files\/2020\/12\/20201204_101340-scaled.jpg 1200w\" sizes=\"(max-width: 225px) 100vw, 225px\" \/><\/a>\n\t\t\t<\/dt><\/dl><dl class='gallery-item'>\n\t\t\t<dt class='gallery-icon portrait'>\n\t\t\t\t<a href='https:\/\/blogsaverroes.juntadeandalucia.es\/ceipvirgendelmar\/20201204_101329\/'><img loading=\"lazy\" decoding=\"async\" width=\"225\" height=\"300\" src=\"https:\/\/blogsaverroes.juntadeandalucia.es\/ceipvirgendelmar\/files\/2020\/12\/20201204_101329-225x300.jpg\" class=\"attachment-medium size-medium\" alt=\"\" srcset=\"https:\/\/blogsaverroes.juntadeandalucia.es\/ceipvirgendelmar\/files\/2020\/12\/20201204_101329-225x300.jpg 225w, https:\/\/blogsaverroes.juntadeandalucia.es\/ceipvirgendelmar\/files\/2020\/12\/20201204_101329-768x1024.jpg 768w, https:\/\/blogsaverroes.juntadeandalucia.es\/ceipvirgendelmar\/files\/2020\/12\/20201204_101329-1152x1536.jpg 1152w, https:\/\/blogsaverroes.juntadeandalucia.es\/ceipvirgendelmar\/files\/2020\/12\/20201204_101329-1536x2048.jpg 1536w, https:\/\/blogsaverroes.juntadeandalucia.es\/ceipvirgendelmar\/files\/2020\/12\/20201204_101329-18x24.jpg 18w, https:\/\/blogsaverroes.juntadeandalucia.es\/ceipvirgendelmar\/files\/2020\/12\/20201204_101329-27x36.jpg 27w, https:\/\/blogsaverroes.juntadeandalucia.es\/ceipvirgendelmar\/files\/2020\/12\/20201204_101329-36x48.jpg 36w, https:\/\/blogsaverroes.juntadeandalucia.es\/ceipvirgendelmar\/files\/2020\/12\/20201204_101329-scaled.jpg 1200w\" sizes=\"(max-width: 225px) 100vw, 225px\" \/><\/a>\n\t\t\t<\/dt><\/dl><br style=\"clear: both\" \/><dl class='gallery-item'>\n\t\t\t<dt class='gallery-icon landscape'>\n\t\t\t\t<a href='https:\/\/blogsaverroes.juntadeandalucia.es\/ceipvirgendelmar\/img-20201204-wa0016\/'><img loading=\"lazy\" decoding=\"async\" width=\"300\" height=\"138\" src=\"https:\/\/blogsaverroes.juntadeandalucia.es\/ceipvirgendelmar\/files\/2020\/12\/IMG-20201204-WA0016-300x138.jpg\" class=\"attachment-medium size-medium\" alt=\"\" srcset=\"https:\/\/blogsaverroes.juntadeandalucia.es\/ceipvirgendelmar\/files\/2020\/12\/IMG-20201204-WA0016-300x138.jpg 300w, https:\/\/blogsaverroes.juntadeandalucia.es\/ceipvirgendelmar\/files\/2020\/12\/IMG-20201204-WA0016-1024x473.jpg 1024w, https:\/\/blogsaverroes.juntadeandalucia.es\/ceipvirgendelmar\/files\/2020\/12\/IMG-20201204-WA0016-768x354.jpg 768w, https:\/\/blogsaverroes.juntadeandalucia.es\/ceipvirgendelmar\/files\/2020\/12\/IMG-20201204-WA0016-1536x709.jpg 1536w, https:\/\/blogsaverroes.juntadeandalucia.es\/ceipvirgendelmar\/files\/2020\/12\/IMG-20201204-WA0016-24x11.jpg 24w, https:\/\/blogsaverroes.juntadeandalucia.es\/ceipvirgendelmar\/files\/2020\/12\/IMG-20201204-WA0016-36x17.jpg 36w, https:\/\/blogsaverroes.juntadeandalucia.es\/ceipvirgendelmar\/files\/2020\/12\/IMG-20201204-WA0016-48x22.jpg 48w, https:\/\/blogsaverroes.juntadeandalucia.es\/ceipvirgendelmar\/files\/2020\/12\/IMG-20201204-WA0016.jpg 1600w\" sizes=\"(max-width: 300px) 100vw, 300px\" \/><\/a>\n\t\t\t<\/dt><\/dl><dl class='gallery-item'>\n\t\t\t<dt class='gallery-icon portrait'>\n\t\t\t\t<a href='https:\/\/blogsaverroes.juntadeandalucia.es\/ceipvirgendelmar\/20201204_101415\/'><img loading=\"lazy\" decoding=\"async\" width=\"225\" height=\"300\" src=\"https:\/\/blogsaverroes.juntadeandalucia.es\/ceipvirgendelmar\/files\/2020\/12\/20201204_101415-225x300.jpg\" class=\"attachment-medium size-medium\" alt=\"\" srcset=\"https:\/\/blogsaverroes.juntadeandalucia.es\/ceipvirgendelmar\/files\/2020\/12\/20201204_101415-225x300.jpg 225w, https:\/\/blogsaverroes.juntadeandalucia.es\/ceipvirgendelmar\/files\/2020\/12\/20201204_101415-768x1024.jpg 768w, https:\/\/blogsaverroes.juntadeandalucia.es\/ceipvirgendelmar\/files\/2020\/12\/20201204_101415-1152x1536.jpg 1152w, https:\/\/blogsaverroes.juntadeandalucia.es\/ceipvirgendelmar\/files\/2020\/12\/20201204_101415-1536x2048.jpg 1536w, https:\/\/blogsaverroes.juntadeandalucia.es\/ceipvirgendelmar\/files\/2020\/12\/20201204_101415-18x24.jpg 18w, https:\/\/blogsaverroes.juntadeandalucia.es\/ceipvirgendelmar\/files\/2020\/12\/20201204_101415-27x36.jpg 27w, https:\/\/blogsaverroes.juntadeandalucia.es\/ceipvirgendelmar\/files\/2020\/12\/20201204_101415-36x48.jpg 36w, https:\/\/blogsaverroes.juntadeandalucia.es\/ceipvirgendelmar\/files\/2020\/12\/20201204_101415-scaled.jpg 1200w\" sizes=\"(max-width: 225px) 100vw, 225px\" \/><\/a>\n\t\t\t<\/dt><\/dl><dl class='gallery-item'>\n\t\t\t<dt class='gallery-icon portrait'>\n\t\t\t\t<a href='https:\/\/blogsaverroes.juntadeandalucia.es\/ceipvirgendelmar\/20201204_101301\/'><img loading=\"lazy\" decoding=\"async\" width=\"225\" height=\"300\" src=\"https:\/\/blogsaverroes.juntadeandalucia.es\/ceipvirgendelmar\/files\/2020\/12\/20201204_101301-225x300.jpg\" class=\"attachment-medium size-medium\" alt=\"\" srcset=\"https:\/\/blogsaverroes.juntadeandalucia.es\/ceipvirgendelmar\/files\/2020\/12\/20201204_101301-225x300.jpg 225w, https:\/\/blogsaverroes.juntadeandalucia.es\/ceipvirgendelmar\/files\/2020\/12\/20201204_101301-768x1024.jpg 768w, https:\/\/blogsaverroes.juntadeandalucia.es\/ceipvirgendelmar\/files\/2020\/12\/20201204_101301-1152x1536.jpg 1152w, https:\/\/blogsaverroes.juntadeandalucia.es\/ceipvirgendelmar\/files\/2020\/12\/20201204_101301-1536x2048.jpg 1536w, https:\/\/blogsaverroes.juntadeandalucia.es\/ceipvirgendelmar\/files\/2020\/12\/20201204_101301-18x24.jpg 18w, https:\/\/blogsaverroes.juntadeandalucia.es\/ceipvirgendelmar\/files\/2020\/12\/20201204_101301-27x36.jpg 27w, https:\/\/blogsaverroes.juntadeandalucia.es\/ceipvirgendelmar\/files\/2020\/12\/20201204_101301-36x48.jpg 36w, https:\/\/blogsaverroes.juntadeandalucia.es\/ceipvirgendelmar\/files\/2020\/12\/20201204_101301-scaled.jpg 1200w\" sizes=\"(max-width: 225px) 100vw, 225px\" \/><\/a>\n\t\t\t<\/dt><\/dl><br style=\"clear: both\" \/>\n\t\t<\/div>\n\n","protected":false},"excerpt":{"rendered":"<p>En nuestro cole pensamos que es fundamental concienciar a nuestro alumnado, desde que son peque\u00f1os, de la importancia que tiene valorar las distintas CAPACIDADES que todos y cada uno de nosotros tenemos. Para ello, aprovechamos el 3 de diciembre (D\u00eda de la Discapacidad) para abordar algunos aspectos relativos a este tema. As\u00ed pues, adem\u00e1s de &hellip; <\/p>\n<p><a class=\"more-link btn\" href=\"https:\/\/blogsaverroes.juntadeandalucia.es\/ceipvirgendelmar\/2020\/12\/04\/3-de-diciembre-dia-de-la-discapacidad\/\">Seguir leyendo<\/a><\/p>\n","protected":false},"author":8178,"featured_media":2359,"comment_status":"open","ping_status":"open","sticky":false,"template":"","format":"standard","meta":{"ngg_post_thumbnail":0,"footnotes":""},"categories":[5991,25498],"tags":[307420,307414,307415],"aioseo_notices":[],"_links":{"self":[{"href":"https:\/\/blogsaverroes.juntadeandalucia.es\/ceipvirgendelmar\/wp-json\/wp\/v2\/posts\/2357"}],"collection":[{"href":"https:\/\/blogsaverroes.juntadeandalucia.es\/ceipvirgendelmar\/wp-json\/wp\/v2\/posts"}],"about":[{"href":"https:\/\/blogsaverroes.juntadeandalucia.es\/ceipvirgendelmar\/wp-json\/wp\/v2\/types\/post"}],"author":[{"embeddable":true,"href":"https:\/\/blogsaverroes.juntadeandalucia.es\/ceipvirgendelmar\/wp-json\/wp\/v2\/users\/8178"}],"replies":[{"embeddable":true,"href":"https:\/\/blogsaverroes.juntadeandalucia.es\/ceipvirgendelmar\/wp-json\/wp\/v2\/comments?post=2357"}],"version-history":[{"count":1,"href":"https:\/\/blogsaverroes.juntadeandalucia.es\/ceipvirgendelmar\/wp-json\/wp\/v2\/posts\/2357\/revisions"}],"predecessor-version":[{"id":2358,"href":"https:\/\/blogsaverroes.juntadeandalucia.es\/ceipvirgendelmar\/wp-json\/wp\/v2\/posts\/2357\/revisions\/2358"}],"wp:featuredmedia":[{"embeddable":true,"href":"https:\/\/blogsaverroes.juntadeandalucia.es\/ceipvirgendelmar\/wp-json\/wp\/v2\/media\/2359"}],"wp:attachment":[{"href":"https:\/\/blogsaverroes.juntadeandalucia.es\/ceipvirgendelmar\/wp-json\/wp\/v2\/media?parent=2357"}],"wp:term":[{"taxonomy":"category","embeddable":true,"href":"https:\/\/blogsaverroes.juntadeandalucia.es\/ceipvirgendelmar\/wp-json\/wp\/v2\/categories?post=2357"},{"taxonomy":"post_tag","embeddable":true,"href":"https:\/\/blogsaverroes.juntadeandalucia.es\/ceipvirgendelmar\/wp-json\/wp\/v2\/tags?post=2357"}],"curies":[{"name":"wp","href":"https:\/\/api.w.org\/{rel}","templated":true}]}}