{"id":2941,"date":"2021-04-16T18:00:26","date_gmt":"2021-04-16T18:00:26","guid":{"rendered":"https:\/\/blogsaverroes.juntadeandalucia.es\/ceipvirgendelmar\/?p=2941"},"modified":"2021-04-16T18:00:26","modified_gmt":"2021-04-16T18:00:26","slug":"en-infantil-empezamos-a-bichear","status":"publish","type":"post","link":"https:\/\/blogsaverroes.juntadeandalucia.es\/ceipvirgendelmar\/2021\/04\/16\/en-infantil-empezamos-a-bichear\/","title":{"rendered":"En Infantil empezamos a BICHEAR&#8230;"},"content":{"rendered":"<p>Con la primavera y el tercer trimestre, da comienzo el \u00faltimo proyecto de trabajo para el alumnado de infantil&#8230; un proyecto que lleva por nombre&nbsp;<em><strong>BICHEANDO<\/strong><\/em>, y que, como su propio nombre indica, nos acercar\u00e1 al maravilloso y diminuto mundo de los \u00abbichitos\u00bb que tanto llaman nuestra atenci\u00f3n.<\/p>\n<p>Como todo buen proyecto que se precie, ha surgido del inter\u00e9s de nuestro alumnado que, con la llegada del buen tiempo, empez\u00f3 a \u00abbichear\u00bb en el patio descubriendo a nuevos y divertidos habitantes: mariposas, cochinillas, caracoles, saltamontes, zapateros&#8230; por ello, decidimos que \u00e9ste y no otro ser\u00eda nuestro tema estrella del trimestre y sobre \u00e9l girar\u00edan todos nuestros aprendizajes y tareas principales.<\/p>\n<p>Pues bien, decidido el proyecto, esta primera semana la hemos dedicado a la tan necesaria&nbsp;<strong>FASE DE MOTIVACI\u00d3N<\/strong>, dentro de la cual hemos realizado una serie de actividades a cual m\u00e1s divertida, manipulativa y motivadora&#8230; \u00bfquer\u00e9is saber cu\u00e1les son?&#8230; Pues prestad atenci\u00f3n, que empezamos&#8230;<\/p>\n<p><a href=\"https:\/\/blogsaverroes.juntadeandalucia.es\/ceipvirgendelmar\/files\/2021\/04\/Teatro-oruga-02.jpeg\"><img loading=\"lazy\" decoding=\"async\" class=\"alignright  wp-image-2943\" src=\"https:\/\/blogsaverroes.juntadeandalucia.es\/ceipvirgendelmar\/files\/2021\/04\/Teatro-oruga-02-300x225.jpeg\" alt=\"\" width=\"385\" height=\"290\" srcset=\"https:\/\/blogsaverroes.juntadeandalucia.es\/ceipvirgendelmar\/files\/2021\/04\/Teatro-oruga-02-300x225.jpeg 300w, https:\/\/blogsaverroes.juntadeandalucia.es\/ceipvirgendelmar\/files\/2021\/04\/Teatro-oruga-02-1024x768.jpeg 1024w, https:\/\/blogsaverroes.juntadeandalucia.es\/ceipvirgendelmar\/files\/2021\/04\/Teatro-oruga-02-768x576.jpeg 768w, https:\/\/blogsaverroes.juntadeandalucia.es\/ceipvirgendelmar\/files\/2021\/04\/Teatro-oruga-02-1536x1152.jpeg 1536w, https:\/\/blogsaverroes.juntadeandalucia.es\/ceipvirgendelmar\/files\/2021\/04\/Teatro-oruga-02.jpeg 1600w\" sizes=\"(max-width: 385px) 100vw, 385px\" \/><\/a><\/p>\n<p>&nbsp;<\/p>\n<p>El primer d\u00eda, las maestras nos prepararon una sorpresa muy especial&#8230; un teatro de t\u00edteres con el que representaron un cuento que nos encant\u00f3: \u00ab<em><strong>La peque\u00f1a oruga glotona<\/strong><\/em><em>\u00ab<\/em>. Este cuento, adem\u00e1s de ense\u00f1arnos un mont\u00f3n de cosas y de arrancarnos m\u00e1s de una carcajada, despert\u00f3 nuestro inter\u00e9s por los gusanos y las orugas&#8230; est\u00e1bamos ansiosos por saber m\u00e1s y m\u00e1s de estos curiosos bichitos de los que tan poco conoc\u00edamos.<\/p>\n<p>&nbsp;<\/p>\n<p>&nbsp;<\/p>\n<p>&nbsp;<\/p>\n<p><a href=\"https:\/\/blogsaverroes.juntadeandalucia.es\/ceipvirgendelmar\/files\/2021\/04\/Gusanos-03.jpeg\"><img loading=\"lazy\" decoding=\"async\" class=\" wp-image-2946 alignleft\" src=\"https:\/\/blogsaverroes.juntadeandalucia.es\/ceipvirgendelmar\/files\/2021\/04\/Gusanos-03-300x225.jpeg\" alt=\"\" width=\"393\" height=\"296\" srcset=\"https:\/\/blogsaverroes.juntadeandalucia.es\/ceipvirgendelmar\/files\/2021\/04\/Gusanos-03-300x225.jpeg 300w, https:\/\/blogsaverroes.juntadeandalucia.es\/ceipvirgendelmar\/files\/2021\/04\/Gusanos-03-1024x768.jpeg 1024w, https:\/\/blogsaverroes.juntadeandalucia.es\/ceipvirgendelmar\/files\/2021\/04\/Gusanos-03-768x576.jpeg 768w, https:\/\/blogsaverroes.juntadeandalucia.es\/ceipvirgendelmar\/files\/2021\/04\/Gusanos-03-1536x1152.jpeg 1536w, https:\/\/blogsaverroes.juntadeandalucia.es\/ceipvirgendelmar\/files\/2021\/04\/Gusanos-03.jpeg 1600w\" sizes=\"(max-width: 393px) 100vw, 393px\" \/><\/a><\/p>\n<p>&nbsp;<\/p>\n<p>Y tanto inter\u00e9s ten\u00edamos, que las se\u00f1os pensaron que ser\u00eda buena idea tener en clase unos peque\u00f1os&nbsp;<em><strong>gusanos de seda<\/strong><\/em> para cuidar de ellos y poder observar todo el proceso&#8230; para observar c\u00f3mo se alimentan. c\u00f3mo crecen, c\u00f3mo forman la cris\u00e1lida y, c\u00f3mo finalmente, nace la mariposa&#8230; As\u00ed que, como a nuestras maestras no les da miedo nada, nos trajeron unas preciosas casitas con unos gusanitos a los que cuidaremos entre tod@s&#8230; ya os iremos contando qu\u00e9 va pasando con ellos&#8230;<\/p>\n<p>&nbsp;<\/p>\n<p>Al d\u00eda siguiente, en asamblea, estuvimos hablando sobre los distintos bichitos que conocemos, qu\u00e9 nos gusta de ellos, qu\u00e9 sabemos y qu\u00e9 nos gustar\u00eda aprender&#8230; pero c\u00f3mo eran tantos, decidimos hacer una&nbsp;<em><strong>votaci\u00f3n<\/strong><\/em> para elegir los cuatro o cinco bichitos que m\u00e1s nos gustaban para centrar nuestra investigaci\u00f3n en ellos&#8230; Y como somos unos peques muy, pero que muy democr\u00e1ticos, tras una re\u00f1ida votaci\u00f3n, este fue el resultado&#8230;<\/p>\n\n\t\t<style type=\"text\/css\">\n\t\t\t#gallery-1 {\n\t\t\t\tmargin: auto;\n\t\t\t}\n\t\t\t#gallery-1 .gallery-item {\n\t\t\t\tfloat: left;\n\t\t\t\tmargin-top: 10px;\n\t\t\t\ttext-align: center;\n\t\t\t\twidth: 50%;\n\t\t\t}\n\t\t\t#gallery-1 img {\n\t\t\t\tborder: 2px solid #cfcfcf;\n\t\t\t}\n\t\t\t#gallery-1 .gallery-caption {\n\t\t\t\tmargin-left: 0;\n\t\t\t}\n\t\t\t\/* see gallery_shortcode() in wp-includes\/media.php *\/\n\t\t<\/style>\n\t\t<div id='gallery-1' class='gallery galleryid-2941 gallery-columns-2 gallery-size-medium'><dl class='gallery-item'>\n\t\t\t<dt class='gallery-icon landscape'>\n\t\t\t\t<a href='https:\/\/blogsaverroes.juntadeandalucia.es\/ceipvirgendelmar\/2021\/04\/16\/en-infantil-empezamos-a-bichear\/votacion-02\/'><img loading=\"lazy\" decoding=\"async\" width=\"300\" height=\"225\" src=\"https:\/\/blogsaverroes.juntadeandalucia.es\/ceipvirgendelmar\/files\/2021\/04\/Votaci\u00f3n-02-300x225.jpeg\" class=\"attachment-medium size-medium\" alt=\"\" srcset=\"https:\/\/blogsaverroes.juntadeandalucia.es\/ceipvirgendelmar\/files\/2021\/04\/Votaci\u00f3n-02-300x225.jpeg 300w, https:\/\/blogsaverroes.juntadeandalucia.es\/ceipvirgendelmar\/files\/2021\/04\/Votaci\u00f3n-02-1024x768.jpeg 1024w, https:\/\/blogsaverroes.juntadeandalucia.es\/ceipvirgendelmar\/files\/2021\/04\/Votaci\u00f3n-02-768x576.jpeg 768w, https:\/\/blogsaverroes.juntadeandalucia.es\/ceipvirgendelmar\/files\/2021\/04\/Votaci\u00f3n-02-1536x1152.jpeg 1536w, https:\/\/blogsaverroes.juntadeandalucia.es\/ceipvirgendelmar\/files\/2021\/04\/Votaci\u00f3n-02.jpeg 1600w\" sizes=\"(max-width: 300px) 100vw, 300px\" \/><\/a>\n\t\t\t<\/dt><\/dl><dl class='gallery-item'>\n\t\t\t<dt class='gallery-icon landscape'>\n\t\t\t\t<a href='https:\/\/blogsaverroes.juntadeandalucia.es\/ceipvirgendelmar\/2021\/04\/16\/en-infantil-empezamos-a-bichear\/votacion-03-2\/'><img loading=\"lazy\" decoding=\"async\" width=\"300\" height=\"292\" src=\"https:\/\/blogsaverroes.juntadeandalucia.es\/ceipvirgendelmar\/files\/2021\/04\/Votaci\u00f3n-03-1-300x292.jpeg\" class=\"attachment-medium size-medium\" alt=\"\" srcset=\"https:\/\/blogsaverroes.juntadeandalucia.es\/ceipvirgendelmar\/files\/2021\/04\/Votaci\u00f3n-03-1-300x292.jpeg 300w, https:\/\/blogsaverroes.juntadeandalucia.es\/ceipvirgendelmar\/files\/2021\/04\/Votaci\u00f3n-03-1-1024x996.jpeg 1024w, https:\/\/blogsaverroes.juntadeandalucia.es\/ceipvirgendelmar\/files\/2021\/04\/Votaci\u00f3n-03-1-768x747.jpeg 768w, https:\/\/blogsaverroes.juntadeandalucia.es\/ceipvirgendelmar\/files\/2021\/04\/Votaci\u00f3n-03-1.jpeg 1052w\" sizes=\"(max-width: 300px) 100vw, 300px\" \/><\/a>\n\t\t\t<\/dt><\/dl><br style=\"clear: both\" \/>\n\t\t<\/div>\n\n<p>Lleg\u00f3 el momento de recordar el cuento que tanto nos hab\u00eda gustado y de representar, gr\u00e1ficamente, qu\u00e9 era lo que m\u00e1s hab\u00eda llamado nuestra atenci\u00f3n, as\u00ed que nos pusimos manos a la obra y nos pusimos a&nbsp;<em><strong>dibujar el cuento<\/strong><\/em> (orugas, mariposas, frutas&#8230;)&#8230; est\u00e1 claro que estos peques son todos unos artistas!!<\/p>\n\n\t\t<style type=\"text\/css\">\n\t\t\t#gallery-2 {\n\t\t\t\tmargin: auto;\n\t\t\t}\n\t\t\t#gallery-2 .gallery-item {\n\t\t\t\tfloat: left;\n\t\t\t\tmargin-top: 10px;\n\t\t\t\ttext-align: center;\n\t\t\t\twidth: 50%;\n\t\t\t}\n\t\t\t#gallery-2 img {\n\t\t\t\tborder: 2px solid #cfcfcf;\n\t\t\t}\n\t\t\t#gallery-2 .gallery-caption {\n\t\t\t\tmargin-left: 0;\n\t\t\t}\n\t\t\t\/* see gallery_shortcode() in wp-includes\/media.php *\/\n\t\t<\/style>\n\t\t<div id='gallery-2' class='gallery galleryid-2941 gallery-columns-2 gallery-size-medium'><dl class='gallery-item'>\n\t\t\t<dt class='gallery-icon landscape'>\n\t\t\t\t<a href='https:\/\/blogsaverroes.juntadeandalucia.es\/ceipvirgendelmar\/2021\/04\/16\/en-infantil-empezamos-a-bichear\/dibujo-cuento-01\/'><img loading=\"lazy\" decoding=\"async\" width=\"300\" height=\"225\" src=\"https:\/\/blogsaverroes.juntadeandalucia.es\/ceipvirgendelmar\/files\/2021\/04\/Dibujo-cuento-01-300x225.jpeg\" class=\"attachment-medium size-medium\" alt=\"\" srcset=\"https:\/\/blogsaverroes.juntadeandalucia.es\/ceipvirgendelmar\/files\/2021\/04\/Dibujo-cuento-01-300x225.jpeg 300w, https:\/\/blogsaverroes.juntadeandalucia.es\/ceipvirgendelmar\/files\/2021\/04\/Dibujo-cuento-01-1024x768.jpeg 1024w, https:\/\/blogsaverroes.juntadeandalucia.es\/ceipvirgendelmar\/files\/2021\/04\/Dibujo-cuento-01-768x576.jpeg 768w, https:\/\/blogsaverroes.juntadeandalucia.es\/ceipvirgendelmar\/files\/2021\/04\/Dibujo-cuento-01-1536x1152.jpeg 1536w, https:\/\/blogsaverroes.juntadeandalucia.es\/ceipvirgendelmar\/files\/2021\/04\/Dibujo-cuento-01.jpeg 1600w\" sizes=\"(max-width: 300px) 100vw, 300px\" \/><\/a>\n\t\t\t<\/dt><\/dl><dl class='gallery-item'>\n\t\t\t<dt class='gallery-icon landscape'>\n\t\t\t\t<a href='https:\/\/blogsaverroes.juntadeandalucia.es\/ceipvirgendelmar\/2021\/04\/16\/en-infantil-empezamos-a-bichear\/dibujo-cuento-02\/'><img loading=\"lazy\" decoding=\"async\" width=\"300\" height=\"225\" src=\"https:\/\/blogsaverroes.juntadeandalucia.es\/ceipvirgendelmar\/files\/2021\/04\/Dibujo-cuento-02-300x225.jpeg\" class=\"attachment-medium size-medium\" alt=\"\" srcset=\"https:\/\/blogsaverroes.juntadeandalucia.es\/ceipvirgendelmar\/files\/2021\/04\/Dibujo-cuento-02-300x225.jpeg 300w, https:\/\/blogsaverroes.juntadeandalucia.es\/ceipvirgendelmar\/files\/2021\/04\/Dibujo-cuento-02-1024x768.jpeg 1024w, https:\/\/blogsaverroes.juntadeandalucia.es\/ceipvirgendelmar\/files\/2021\/04\/Dibujo-cuento-02-768x576.jpeg 768w, https:\/\/blogsaverroes.juntadeandalucia.es\/ceipvirgendelmar\/files\/2021\/04\/Dibujo-cuento-02-1536x1152.jpeg 1536w, https:\/\/blogsaverroes.juntadeandalucia.es\/ceipvirgendelmar\/files\/2021\/04\/Dibujo-cuento-02.jpeg 1600w\" sizes=\"(max-width: 300px) 100vw, 300px\" \/><\/a>\n\t\t\t<\/dt><\/dl><br style=\"clear: both\" \/>\n\t\t<\/div>\n\n<p>Y por \u00faltimo, ten\u00edamos que decidir qui\u00e9n iba a <em><strong>investigar<\/strong> <\/em>sobre cada uno de los bichitos que hab\u00edamos decidido d\u00edas antes. Pensamos que lo m\u00e1s justo era hacerlo por medio de un sorteo, as\u00ed que metimos los papelitos en una bolsa y, uno a uno, fuimos sacando nuestro papelito para ver el bichito que nos hab\u00eda tocado&#8230; al final todos contentos, porque en realidad, \u00a1\u00a1nos encantan todos!! Con el sorteo hecho, hemos escrito una&nbsp;<strong><em>carta a nuestras<\/em> familias<\/strong> pidi\u00e9ndoles que nos ayuden en nuestras investigaciones&#8230; as\u00ed que ahora, solo nos queda ponernos manos a la obra&#8230; seguimos bicheando y os iremos contando nuestros descubrimientos.<\/p>\n\n\t\t<style type=\"text\/css\">\n\t\t\t#gallery-3 {\n\t\t\t\tmargin: auto;\n\t\t\t}\n\t\t\t#gallery-3 .gallery-item {\n\t\t\t\tfloat: left;\n\t\t\t\tmargin-top: 10px;\n\t\t\t\ttext-align: center;\n\t\t\t\twidth: 25%;\n\t\t\t}\n\t\t\t#gallery-3 img {\n\t\t\t\tborder: 2px solid #cfcfcf;\n\t\t\t}\n\t\t\t#gallery-3 .gallery-caption {\n\t\t\t\tmargin-left: 0;\n\t\t\t}\n\t\t\t\/* see gallery_shortcode() in wp-includes\/media.php *\/\n\t\t<\/style>\n\t\t<div id='gallery-3' class='gallery galleryid-2941 gallery-columns-4 gallery-size-thumbnail'><dl class='gallery-item'>\n\t\t\t<dt class='gallery-icon landscape'>\n\t\t\t\t<a href='https:\/\/blogsaverroes.juntadeandalucia.es\/ceipvirgendelmar\/2021\/04\/16\/en-infantil-empezamos-a-bichear\/sorteo-03\/'><img loading=\"lazy\" decoding=\"async\" width=\"150\" height=\"150\" src=\"https:\/\/blogsaverroes.juntadeandalucia.es\/ceipvirgendelmar\/files\/2021\/04\/Sorteo-03-150x150.jpeg\" class=\"attachment-thumbnail size-thumbnail\" alt=\"\" \/><\/a>\n\t\t\t<\/dt><\/dl><dl class='gallery-item'>\n\t\t\t<dt class='gallery-icon landscape'>\n\t\t\t\t<a href='https:\/\/blogsaverroes.juntadeandalucia.es\/ceipvirgendelmar\/2021\/04\/16\/en-infantil-empezamos-a-bichear\/sorteo-02\/'><img loading=\"lazy\" decoding=\"async\" width=\"150\" height=\"150\" src=\"https:\/\/blogsaverroes.juntadeandalucia.es\/ceipvirgendelmar\/files\/2021\/04\/Sorteo-02-150x150.jpeg\" class=\"attachment-thumbnail size-thumbnail\" alt=\"\" \/><\/a>\n\t\t\t<\/dt><\/dl><dl class='gallery-item'>\n\t\t\t<dt class='gallery-icon landscape'>\n\t\t\t\t<a href='https:\/\/blogsaverroes.juntadeandalucia.es\/ceipvirgendelmar\/2021\/04\/16\/en-infantil-empezamos-a-bichear\/sorteo-01\/'><img loading=\"lazy\" decoding=\"async\" width=\"150\" height=\"150\" src=\"https:\/\/blogsaverroes.juntadeandalucia.es\/ceipvirgendelmar\/files\/2021\/04\/Sorteo-01-150x150.jpeg\" class=\"attachment-thumbnail size-thumbnail\" alt=\"\" \/><\/a>\n\t\t\t<\/dt><\/dl><dl class='gallery-item'>\n\t\t\t<dt class='gallery-icon portrait'>\n\t\t\t\t<a href='https:\/\/blogsaverroes.juntadeandalucia.es\/ceipvirgendelmar\/2021\/04\/16\/en-infantil-empezamos-a-bichear\/carta-familias-02\/'><img loading=\"lazy\" decoding=\"async\" width=\"150\" height=\"150\" src=\"https:\/\/blogsaverroes.juntadeandalucia.es\/ceipvirgendelmar\/files\/2021\/04\/Carta-familias-02-150x150.jpeg\" class=\"attachment-thumbnail size-thumbnail\" alt=\"\" \/><\/a>\n\t\t\t<\/dt><\/dl><br style=\"clear: both\" \/><dl class='gallery-item'>\n\t\t\t<dt class='gallery-icon portrait'>\n\t\t\t\t<a href='https:\/\/blogsaverroes.juntadeandalucia.es\/ceipvirgendelmar\/2021\/04\/16\/en-infantil-empezamos-a-bichear\/carta-familias-01\/'><img loading=\"lazy\" decoding=\"async\" width=\"150\" height=\"150\" src=\"https:\/\/blogsaverroes.juntadeandalucia.es\/ceipvirgendelmar\/files\/2021\/04\/Carta-familias-01-150x150.jpeg\" class=\"attachment-thumbnail size-thumbnail\" alt=\"\" \/><\/a>\n\t\t\t<\/dt><\/dl><dl class='gallery-item'>\n\t\t\t<dt class='gallery-icon landscape'>\n\t\t\t\t<a href='https:\/\/blogsaverroes.juntadeandalucia.es\/ceipvirgendelmar\/2021\/04\/16\/en-infantil-empezamos-a-bichear\/carta-familias-03\/'><img loading=\"lazy\" decoding=\"async\" width=\"150\" height=\"150\" src=\"https:\/\/blogsaverroes.juntadeandalucia.es\/ceipvirgendelmar\/files\/2021\/04\/Carta-familias-03-150x150.jpeg\" class=\"attachment-thumbnail size-thumbnail\" alt=\"\" \/><\/a>\n\t\t\t<\/dt><\/dl><dl class='gallery-item'>\n\t\t\t<dt class='gallery-icon portrait'>\n\t\t\t\t<a href='https:\/\/blogsaverroes.juntadeandalucia.es\/ceipvirgendelmar\/2021\/04\/16\/en-infantil-empezamos-a-bichear\/carta-familias-04\/'><img loading=\"lazy\" decoding=\"async\" width=\"150\" height=\"150\" src=\"https:\/\/blogsaverroes.juntadeandalucia.es\/ceipvirgendelmar\/files\/2021\/04\/Carta-familias-04-150x150.jpeg\" class=\"attachment-thumbnail size-thumbnail\" alt=\"\" \/><\/a>\n\t\t\t<\/dt><\/dl><dl class='gallery-item'>\n\t\t\t<dt class='gallery-icon portrait'>\n\t\t\t\t<a href='https:\/\/blogsaverroes.juntadeandalucia.es\/ceipvirgendelmar\/2021\/04\/16\/en-infantil-empezamos-a-bichear\/carta-familias-05\/'><img loading=\"lazy\" decoding=\"async\" width=\"150\" height=\"150\" src=\"https:\/\/blogsaverroes.juntadeandalucia.es\/ceipvirgendelmar\/files\/2021\/04\/Carta-familias-05-150x150.jpeg\" class=\"attachment-thumbnail size-thumbnail\" alt=\"\" \/><\/a>\n\t\t\t<\/dt><\/dl><br style=\"clear: both\" \/>\n\t\t<\/div>\n\n","protected":false},"excerpt":{"rendered":"<p>Con la primavera y el tercer trimestre, da comienzo el \u00faltimo proyecto de trabajo para el alumnado de infantil&#8230; un proyecto que lleva por nombre&nbsp;BICHEANDO, y que, como su propio nombre indica, nos acercar\u00e1 al maravilloso y diminuto mundo de los \u00abbichitos\u00bb que tanto llaman nuestra atenci\u00f3n. Como todo buen proyecto que se precie, ha &hellip; <\/p>\n<p><a class=\"more-link btn\" href=\"https:\/\/blogsaverroes.juntadeandalucia.es\/ceipvirgendelmar\/2021\/04\/16\/en-infantil-empezamos-a-bichear\/\">Seguir leyendo<\/a><\/p>\n","protected":false},"author":8178,"featured_media":2942,"comment_status":"open","ping_status":"open","sticky":false,"template":"","format":"standard","meta":{"ngg_post_thumbnail":0,"footnotes":""},"categories":[25498],"tags":[307449,307498,307415,307497,307488,307424],"aioseo_notices":[],"_links":{"self":[{"href":"https:\/\/blogsaverroes.juntadeandalucia.es\/ceipvirgendelmar\/wp-json\/wp\/v2\/posts\/2941"}],"collection":[{"href":"https:\/\/blogsaverroes.juntadeandalucia.es\/ceipvirgendelmar\/wp-json\/wp\/v2\/posts"}],"about":[{"href":"https:\/\/blogsaverroes.juntadeandalucia.es\/ceipvirgendelmar\/wp-json\/wp\/v2\/types\/post"}],"author":[{"embeddable":true,"href":"https:\/\/blogsaverroes.juntadeandalucia.es\/ceipvirgendelmar\/wp-json\/wp\/v2\/users\/8178"}],"replies":[{"embeddable":true,"href":"https:\/\/blogsaverroes.juntadeandalucia.es\/ceipvirgendelmar\/wp-json\/wp\/v2\/comments?post=2941"}],"version-history":[{"count":8,"href":"https:\/\/blogsaverroes.juntadeandalucia.es\/ceipvirgendelmar\/wp-json\/wp\/v2\/posts\/2941\/revisions"}],"predecessor-version":[{"id":2965,"href":"https:\/\/blogsaverroes.juntadeandalucia.es\/ceipvirgendelmar\/wp-json\/wp\/v2\/posts\/2941\/revisions\/2965"}],"wp:featuredmedia":[{"embeddable":true,"href":"https:\/\/blogsaverroes.juntadeandalucia.es\/ceipvirgendelmar\/wp-json\/wp\/v2\/media\/2942"}],"wp:attachment":[{"href":"https:\/\/blogsaverroes.juntadeandalucia.es\/ceipvirgendelmar\/wp-json\/wp\/v2\/media?parent=2941"}],"wp:term":[{"taxonomy":"category","embeddable":true,"href":"https:\/\/blogsaverroes.juntadeandalucia.es\/ceipvirgendelmar\/wp-json\/wp\/v2\/categories?post=2941"},{"taxonomy":"post_tag","embeddable":true,"href":"https:\/\/blogsaverroes.juntadeandalucia.es\/ceipvirgendelmar\/wp-json\/wp\/v2\/tags?post=2941"}],"curies":[{"name":"wp","href":"https:\/\/api.w.org\/{rel}","templated":true}]}}