{"id":3795,"date":"2022-03-02T15:07:48","date_gmt":"2022-03-02T15:07:48","guid":{"rendered":"https:\/\/blogsaverroes.juntadeandalucia.es\/ceipvirgendelmar\/?p=3795"},"modified":"2022-03-02T15:08:57","modified_gmt":"2022-03-02T15:08:57","slug":"3795","status":"publish","type":"post","link":"https:\/\/blogsaverroes.juntadeandalucia.es\/ceipvirgendelmar\/2022\/03\/02\/3795\/","title":{"rendered":"ORGULLOS@S DE SER ANDALUCES"},"content":{"rendered":"<p>Todos los ciclos y niveles educativos de nuestro cole, dedicamos diversos momentos de la pasada semana a celebrar y conmemorar el&nbsp;<strong>D\u00cdA DE ANDALUC\u00cdA<\/strong>. Adem\u00e1s de diversas actividades que se realizaron a nivel de aula, grabamos un programa muy especial en nuestra <strong>RADIO ESCOLAR<\/strong>, en el que cada clase trat\u00f3 un tema relacionado con nuestra Comunidad Aut\u00f3noma. As\u00ed pues, los contenidos de nuestro programa de radio especial fueron los siguientes:<\/p>\n<ul>\n<li><strong>INFANTIL<\/strong>: Gastronom\u00eda andaluza<\/li>\n<li><strong>1er CICLO DE PRIMARIA<\/strong>: Las ocho provincias<\/li>\n<li><strong>2do CICLO DE PRIMARIA<\/strong>: Poes\u00eda andaluza<\/li>\n<li><strong>3er CICLO DE PRIMARIA<\/strong>: Cu\u00f1a publicitaria<\/li>\n<li><strong>1\u00ba Y 2\u00ba DE ESO:<\/strong> Historia andaluza<\/li>\n<\/ul>\n<p>A continuaci\u00f3n, os dejamos el programa de radio \u00edntegro por si quer\u00e9is escucharlo al completo&#8230; Esperamos que disfrut\u00e9is con \u00e9l&#8230;<\/p>\n<!--[if lt IE 9]><script>document.createElement('audio');<\/script><![endif]-->\n<audio class=\"wp-audio-shortcode\" id=\"audio-3795-1\" preload=\"none\" style=\"width: 100%;\" controls=\"controls\"><source type=\"audio\/mpeg\" src=\"https:\/\/blogsaverroes.juntadeandalucia.es\/ceipvirgendelmar\/files\/2022\/03\/WhatsApp-Audio-2022-03-02-at-14519-PM.mp3?_=1\" \/><a href=\"https:\/\/blogsaverroes.juntadeandalucia.es\/ceipvirgendelmar\/files\/2022\/03\/WhatsApp-Audio-2022-03-02-at-14519-PM.mp3\">https:\/\/blogsaverroes.juntadeandalucia.es\/ceipvirgendelmar\/files\/2022\/03\/WhatsApp-Audio-2022-03-02-at-14519-PM.mp3<\/a><\/audio>\n","protected":false},"excerpt":{"rendered":"<p>Todos los ciclos y niveles educativos de nuestro cole, dedicamos diversos momentos de la pasada semana a celebrar y conmemorar el&nbsp;D\u00cdA DE ANDALUC\u00cdA. Adem\u00e1s de diversas actividades que se realizaron a nivel de aula, grabamos un programa muy especial en nuestra RADIO ESCOLAR, en el que cada clase trat\u00f3 un tema relacionado con nuestra Comunidad &hellip; <\/p>\n<p><a class=\"more-link btn\" href=\"https:\/\/blogsaverroes.juntadeandalucia.es\/ceipvirgendelmar\/2022\/03\/02\/3795\/\">Seguir leyendo<\/a><\/p>\n","protected":false},"author":8178,"featured_media":3799,"comment_status":"open","ping_status":"open","sticky":false,"template":"","format":"standard","meta":{"ngg_post_thumbnail":0,"footnotes":""},"categories":[5991,25494,25495,25496,25498,307412,307417,307480],"tags":[307481,307432],"aioseo_notices":[],"_links":{"self":[{"href":"https:\/\/blogsaverroes.juntadeandalucia.es\/ceipvirgendelmar\/wp-json\/wp\/v2\/posts\/3795"}],"collection":[{"href":"https:\/\/blogsaverroes.juntadeandalucia.es\/ceipvirgendelmar\/wp-json\/wp\/v2\/posts"}],"about":[{"href":"https:\/\/blogsaverroes.juntadeandalucia.es\/ceipvirgendelmar\/wp-json\/wp\/v2\/types\/post"}],"author":[{"embeddable":true,"href":"https:\/\/blogsaverroes.juntadeandalucia.es\/ceipvirgendelmar\/wp-json\/wp\/v2\/users\/8178"}],"replies":[{"embeddable":true,"href":"https:\/\/blogsaverroes.juntadeandalucia.es\/ceipvirgendelmar\/wp-json\/wp\/v2\/comments?post=3795"}],"version-history":[{"count":3,"href":"https:\/\/blogsaverroes.juntadeandalucia.es\/ceipvirgendelmar\/wp-json\/wp\/v2\/posts\/3795\/revisions"}],"predecessor-version":[{"id":3801,"href":"https:\/\/blogsaverroes.juntadeandalucia.es\/ceipvirgendelmar\/wp-json\/wp\/v2\/posts\/3795\/revisions\/3801"}],"wp:featuredmedia":[{"embeddable":true,"href":"https:\/\/blogsaverroes.juntadeandalucia.es\/ceipvirgendelmar\/wp-json\/wp\/v2\/media\/3799"}],"wp:attachment":[{"href":"https:\/\/blogsaverroes.juntadeandalucia.es\/ceipvirgendelmar\/wp-json\/wp\/v2\/media?parent=3795"}],"wp:term":[{"taxonomy":"category","embeddable":true,"href":"https:\/\/blogsaverroes.juntadeandalucia.es\/ceipvirgendelmar\/wp-json\/wp\/v2\/categories?post=3795"},{"taxonomy":"post_tag","embeddable":true,"href":"https:\/\/blogsaverroes.juntadeandalucia.es\/ceipvirgendelmar\/wp-json\/wp\/v2\/tags?post=3795"}],"curies":[{"name":"wp","href":"https:\/\/api.w.org\/{rel}","templated":true}]}}