{"id":3854,"date":"2022-09-21T15:41:35","date_gmt":"2022-09-21T15:41:35","guid":{"rendered":"https:\/\/blogsaverroes.juntadeandalucia.es\/ceipvirgendelmar\/?p=3854"},"modified":"2022-09-21T15:41:35","modified_gmt":"2022-09-21T15:41:35","slug":"bienvenids","status":"publish","type":"post","link":"https:\/\/blogsaverroes.juntadeandalucia.es\/ceipvirgendelmar\/2022\/09\/21\/bienvenids\/","title":{"rendered":"\u00a1\u00a1Bienvenid@s!!"},"content":{"rendered":"<p>Despu\u00e9s de un tiempo de merecido descanso, hemos vuelto al cole con las pilas cargadas. Como ya sab\u00e9is, este curso, la etapa de infantil est\u00e1 formada por dos aulas:<\/p>\n<ul>\n<li><strong>Aula de 3 y 4 a\u00f1os<\/strong> (Se\u00f1o Roc\u00edo)<\/li>\n<li><strong>Aula de 5 a\u00f1os<\/strong> (Se\u00f1o Mar\u00eda)<\/li>\n<\/ul>\n<p>La adaptaci\u00f3n de los m\u00e1s peques y la incorporaci\u00f3n de los m\u00e1s \u00abveteranos\u00bb de la etapa, ha sido todo un \u00e9xito&#8230; tanto, que en la primera semana hemos podido hacer un mont\u00f3n de cosas divertidas. A modo de resumen, os dejamos un <strong>v\u00eddeo<\/strong> muy breve sobre algunas de las cosas que hemos hecho en los <strong>primeros d\u00edas<\/strong>.<\/p>\n<div style=\"width: 1080px;\" class=\"wp-video\"><!--[if lt IE 9]><script>document.createElement('video');<\/script><![endif]-->\n<video class=\"wp-video-shortcode\" id=\"video-3854-1\" width=\"1080\" height=\"1920\" preload=\"metadata\" controls=\"controls\"><source type=\"video\/mp4\" src=\"https:\/\/blogsaverroes.juntadeandalucia.es\/ceipvirgendelmar\/files\/2022\/09\/WhatsApp-Video-2022-09-21-at-17.35.30.mp4?_=1\" \/><a href=\"https:\/\/blogsaverroes.juntadeandalucia.es\/ceipvirgendelmar\/files\/2022\/09\/WhatsApp-Video-2022-09-21-at-17.35.30.mp4\">https:\/\/blogsaverroes.juntadeandalucia.es\/ceipvirgendelmar\/files\/2022\/09\/WhatsApp-Video-2022-09-21-at-17.35.30.mp4<\/a><\/video><\/div>\n<p>Ya estamos todos preparados para empezar una nueva aventura en el mejor lugar posible: \u00a1\u00a1NUESTRO COLE!!<\/p>\n","protected":false},"excerpt":{"rendered":"<p>Despu\u00e9s de un tiempo de merecido descanso, hemos vuelto al cole con las pilas cargadas. Como ya sab\u00e9is, este curso, la etapa de infantil est\u00e1 formada por dos aulas: Aula de 3 y 4 a\u00f1os (Se\u00f1o Roc\u00edo) Aula de 5 a\u00f1os (Se\u00f1o Mar\u00eda) La adaptaci\u00f3n de los m\u00e1s peques y la incorporaci\u00f3n de los m\u00e1s &hellip; <\/p>\n<p><a class=\"more-link btn\" href=\"https:\/\/blogsaverroes.juntadeandalucia.es\/ceipvirgendelmar\/2022\/09\/21\/bienvenids\/\">Seguir leyendo<\/a><\/p>\n","protected":false},"author":8178,"featured_media":3855,"comment_status":"open","ping_status":"open","sticky":false,"template":"","format":"standard","meta":{"ngg_post_thumbnail":0,"footnotes":""},"categories":[25498],"tags":[307415,307561,307560],"aioseo_notices":[],"_links":{"self":[{"href":"https:\/\/blogsaverroes.juntadeandalucia.es\/ceipvirgendelmar\/wp-json\/wp\/v2\/posts\/3854"}],"collection":[{"href":"https:\/\/blogsaverroes.juntadeandalucia.es\/ceipvirgendelmar\/wp-json\/wp\/v2\/posts"}],"about":[{"href":"https:\/\/blogsaverroes.juntadeandalucia.es\/ceipvirgendelmar\/wp-json\/wp\/v2\/types\/post"}],"author":[{"embeddable":true,"href":"https:\/\/blogsaverroes.juntadeandalucia.es\/ceipvirgendelmar\/wp-json\/wp\/v2\/users\/8178"}],"replies":[{"embeddable":true,"href":"https:\/\/blogsaverroes.juntadeandalucia.es\/ceipvirgendelmar\/wp-json\/wp\/v2\/comments?post=3854"}],"version-history":[{"count":1,"href":"https:\/\/blogsaverroes.juntadeandalucia.es\/ceipvirgendelmar\/wp-json\/wp\/v2\/posts\/3854\/revisions"}],"predecessor-version":[{"id":3857,"href":"https:\/\/blogsaverroes.juntadeandalucia.es\/ceipvirgendelmar\/wp-json\/wp\/v2\/posts\/3854\/revisions\/3857"}],"wp:featuredmedia":[{"embeddable":true,"href":"https:\/\/blogsaverroes.juntadeandalucia.es\/ceipvirgendelmar\/wp-json\/wp\/v2\/media\/3855"}],"wp:attachment":[{"href":"https:\/\/blogsaverroes.juntadeandalucia.es\/ceipvirgendelmar\/wp-json\/wp\/v2\/media?parent=3854"}],"wp:term":[{"taxonomy":"category","embeddable":true,"href":"https:\/\/blogsaverroes.juntadeandalucia.es\/ceipvirgendelmar\/wp-json\/wp\/v2\/categories?post=3854"},{"taxonomy":"post_tag","embeddable":true,"href":"https:\/\/blogsaverroes.juntadeandalucia.es\/ceipvirgendelmar\/wp-json\/wp\/v2\/tags?post=3854"}],"curies":[{"name":"wp","href":"https:\/\/api.w.org\/{rel}","templated":true}]}}