{"id":4231,"date":"2025-11-06T15:50:50","date_gmt":"2025-11-06T15:50:50","guid":{"rendered":"https:\/\/blogsaverroes.juntadeandalucia.es\/ceipvirgendelmar\/?p=4231"},"modified":"2025-11-06T15:51:28","modified_gmt":"2025-11-06T15:51:28","slug":"4231","status":"publish","type":"post","link":"https:\/\/blogsaverroes.juntadeandalucia.es\/ceipvirgendelmar\/2025\/11\/06\/4231\/","title":{"rendered":"\ud83c\udf83 \u00a1Algo m\u00e1gico est\u00e1 pasando en el cole! \ud83e\uddd9\u200d\u2640\ufe0f\u2728"},"content":{"rendered":"<p data-start=\"555\" data-end=\"884\">A finales del pasado mes, nuestro colegio se ha llenado de misterio, imaginaci\u00f3n y un poquito de magia. Al llegar por la ma\u00f1ana, descubrimos unos carteles con unos mensajes sobre unas brujas\u2026 \u00bfQui\u00e9n habr\u00e1 sido? \u00bfBrujas traviesas? \u00bfMagos despistados? \u00bfSeres fant\u00e1sticos que nos han venido a visitar? \ud83d\udc40\ud83d\udd6f\ufe0f<\/p>\n<p data-start=\"886\" data-end=\"1230\">Para adentrarnos en este ambiente tan especial y celebrar Halloween de una manera creativa y participativa, <strong data-start=\"994\" data-end=\"1051\">propusimo a las familias un reto muy divertido:<\/strong> <strong data-start=\"1054\" data-end=\"1103\">confeccionar juntos un gorro de bruja o brujo<\/strong>. Cada ni\u00f1o y ni\u00f1a ha podido dise\u00f1arlo a su gusto, usando telas, cartones, plumas, purpurina, lazos\u2026 \u00a1y mucha imaginaci\u00f3n! \u2702\ufe0f\ud83c\udfa8<\/p>\n<p data-start=\"1232\" data-end=\"1521\">La respuesta ha sido maravillosa. Hemos recibido gorros originales, sorprendentes, m\u00e1gicos y llenos de personalidad. A trav\u00e9s de esta actividad, no solo hemos trabajado la creatividad, sino tambi\u00e9n la participaci\u00f3n de las familias en la vida del centro, compartiendo tiempo, ideas y risas.<\/p>\n<p data-start=\"1523\" data-end=\"1821\">El d\u00eda de Halloween, disfrutamos de una exposici\u00f3n maravillosa y &#8230; \u00a1de un desfile que caus\u00f3 sensaci\u00f3n!<\/p>\n<div style=\"width: 1140px;\" class=\"wp-video\"><!--[if lt IE 9]><script>document.createElement('video');<\/script><![endif]-->\n<video class=\"wp-video-shortcode\" id=\"video-4231-1\" width=\"1140\" height=\"641\" preload=\"metadata\" controls=\"controls\"><source type=\"video\/mp4\" src=\"https:\/\/blogsaverroes.juntadeandalucia.es\/ceipvirgendelmar\/files\/2025\/11\/Encabezado.mp4?_=1\" \/><a href=\"https:\/\/blogsaverroes.juntadeandalucia.es\/ceipvirgendelmar\/files\/2025\/11\/Encabezado.mp4\">https:\/\/blogsaverroes.juntadeandalucia.es\/ceipvirgendelmar\/files\/2025\/11\/Encabezado.mp4<\/a><\/video><\/div>\n","protected":false},"excerpt":{"rendered":"<p>A finales del pasado mes, nuestro colegio se ha llenado de misterio, imaginaci\u00f3n y un poquito de magia. Al llegar por la ma\u00f1ana, descubrimos unos carteles con unos mensajes sobre unas brujas\u2026 \u00bfQui\u00e9n habr\u00e1 sido? \u00bfBrujas traviesas? \u00bfMagos despistados? \u00bfSeres fant\u00e1sticos que nos han venido a visitar? \ud83d\udc40\ud83d\udd6f\ufe0f Para adentrarnos en este ambiente tan especial &hellip; <\/p>\n<p><a class=\"more-link btn\" href=\"https:\/\/blogsaverroes.juntadeandalucia.es\/ceipvirgendelmar\/2025\/11\/06\/4231\/\">Seguir leyendo<\/a><\/p>\n","protected":false},"author":8178,"featured_media":0,"comment_status":"open","ping_status":"open","sticky":false,"template":"","format":"standard","meta":{"ngg_post_thumbnail":0,"footnotes":""},"categories":[213,25494,25495,25496,25498,307412,307417,11909],"tags":[],"aioseo_notices":[],"_links":{"self":[{"href":"https:\/\/blogsaverroes.juntadeandalucia.es\/ceipvirgendelmar\/wp-json\/wp\/v2\/posts\/4231"}],"collection":[{"href":"https:\/\/blogsaverroes.juntadeandalucia.es\/ceipvirgendelmar\/wp-json\/wp\/v2\/posts"}],"about":[{"href":"https:\/\/blogsaverroes.juntadeandalucia.es\/ceipvirgendelmar\/wp-json\/wp\/v2\/types\/post"}],"author":[{"embeddable":true,"href":"https:\/\/blogsaverroes.juntadeandalucia.es\/ceipvirgendelmar\/wp-json\/wp\/v2\/users\/8178"}],"replies":[{"embeddable":true,"href":"https:\/\/blogsaverroes.juntadeandalucia.es\/ceipvirgendelmar\/wp-json\/wp\/v2\/comments?post=4231"}],"version-history":[{"count":2,"href":"https:\/\/blogsaverroes.juntadeandalucia.es\/ceipvirgendelmar\/wp-json\/wp\/v2\/posts\/4231\/revisions"}],"predecessor-version":[{"id":4234,"href":"https:\/\/blogsaverroes.juntadeandalucia.es\/ceipvirgendelmar\/wp-json\/wp\/v2\/posts\/4231\/revisions\/4234"}],"wp:attachment":[{"href":"https:\/\/blogsaverroes.juntadeandalucia.es\/ceipvirgendelmar\/wp-json\/wp\/v2\/media?parent=4231"}],"wp:term":[{"taxonomy":"category","embeddable":true,"href":"https:\/\/blogsaverroes.juntadeandalucia.es\/ceipvirgendelmar\/wp-json\/wp\/v2\/categories?post=4231"},{"taxonomy":"post_tag","embeddable":true,"href":"https:\/\/blogsaverroes.juntadeandalucia.es\/ceipvirgendelmar\/wp-json\/wp\/v2\/tags?post=4231"}],"curies":[{"name":"wp","href":"https:\/\/api.w.org\/{rel}","templated":true}]}}