{"id":2887,"date":"2023-01-17T10:10:01","date_gmt":"2023-01-17T09:10:01","guid":{"rendered":"http:\/\/blogsaverroes.juntadeandalucia.es\/ceipvirgendeloreto\/?p=2887"},"modified":"2023-07-29T10:37:13","modified_gmt":"2023-07-29T08:37:13","slug":"programa-impulsa-inclusion","status":"publish","type":"post","link":"https:\/\/blogsaverroes.juntadeandalucia.es\/ceipvirgendeloreto\/2023\/01\/17\/programa-impulsa-inclusion\/","title":{"rendered":"PROGRAMA IMPULSA &#8211; INCLUSI\u00d3N"},"content":{"rendered":"<p style=\"text-align: left\"><strong>PROGRAMA IMPULSA- INCLUSI\u00d3N<\/strong><\/p>\n<p><img loading=\"lazy\" decoding=\"async\" class=\"size-medium wp-image-2888 alignleft\" src=\"https:\/\/blogsaverroes.juntadeandalucia.es\/ceipvirgendeloreto\/files\/2023\/07\/LOGO-Impulsa-copia-300x163.jpg\" alt=\"\" width=\"300\" height=\"163\" srcset=\"https:\/\/blogsaverroes.juntadeandalucia.es\/ceipvirgendeloreto\/files\/2023\/07\/LOGO-Impulsa-copia-300x163.jpg 300w, https:\/\/blogsaverroes.juntadeandalucia.es\/ceipvirgendeloreto\/files\/2023\/07\/LOGO-Impulsa-copia-768x417.jpg 768w, https:\/\/blogsaverroes.juntadeandalucia.es\/ceipvirgendeloreto\/files\/2023\/07\/LOGO-Impulsa-copia.jpg 850w\" sizes=\"(max-width: 300px) 100vw, 300px\" \/>Nuestro centro ha sido seleccionado en el Programa Impulsa-Inclusi\u00f3n seg\u00fan Resoluci\u00f3n de 19 de diciembre de 2022 de la Direcci\u00f3n General de Ordenaci\u00f3n, Inclusi\u00f3n, Participaci\u00f3n y Evaluaci\u00f3n Educativa con una dotaci\u00f3n de 1100\u20ac.<\/p>\n<p>Dicho Programa lo llevaremos a cabo con nuestro alumnado del Aula TEA (Trastorno del Espectro Autista).&nbsp;<\/p>\n<p>Llevaremos a cabo el Proyecto \u00abComo pez en el agua\u00bb.<\/p>\n<p>&nbsp;<\/p>\n","protected":false},"excerpt":{"rendered":"<p>PROGRAMA IMPULSA- INCLUSI\u00d3N Nuestro centro ha sido seleccionado en el Programa Impulsa-Inclusi\u00f3n seg\u00fan Resoluci\u00f3n de 19 de diciembre de 2022 de la Direcci\u00f3n General de Ordenaci\u00f3n, Inclusi\u00f3n, Participaci\u00f3n y Evaluaci\u00f3n Educativa con una dotaci\u00f3n&#46;&#46;&#46;<\/p>\n","protected":false},"author":1897,"featured_media":0,"comment_status":"open","ping_status":"open","sticky":false,"template":"","format":"standard","meta":{"ngg_post_thumbnail":0,"footnotes":""},"categories":[5991,307432,307426,526,307425],"tags":[],"aioseo_notices":[],"_links":{"self":[{"href":"https:\/\/blogsaverroes.juntadeandalucia.es\/ceipvirgendeloreto\/wp-json\/wp\/v2\/posts\/2887"}],"collection":[{"href":"https:\/\/blogsaverroes.juntadeandalucia.es\/ceipvirgendeloreto\/wp-json\/wp\/v2\/posts"}],"about":[{"href":"https:\/\/blogsaverroes.juntadeandalucia.es\/ceipvirgendeloreto\/wp-json\/wp\/v2\/types\/post"}],"author":[{"embeddable":true,"href":"https:\/\/blogsaverroes.juntadeandalucia.es\/ceipvirgendeloreto\/wp-json\/wp\/v2\/users\/1897"}],"replies":[{"embeddable":true,"href":"https:\/\/blogsaverroes.juntadeandalucia.es\/ceipvirgendeloreto\/wp-json\/wp\/v2\/comments?post=2887"}],"version-history":[{"count":2,"href":"https:\/\/blogsaverroes.juntadeandalucia.es\/ceipvirgendeloreto\/wp-json\/wp\/v2\/posts\/2887\/revisions"}],"predecessor-version":[{"id":2893,"href":"https:\/\/blogsaverroes.juntadeandalucia.es\/ceipvirgendeloreto\/wp-json\/wp\/v2\/posts\/2887\/revisions\/2893"}],"wp:attachment":[{"href":"https:\/\/blogsaverroes.juntadeandalucia.es\/ceipvirgendeloreto\/wp-json\/wp\/v2\/media?parent=2887"}],"wp:term":[{"taxonomy":"category","embeddable":true,"href":"https:\/\/blogsaverroes.juntadeandalucia.es\/ceipvirgendeloreto\/wp-json\/wp\/v2\/categories?post=2887"},{"taxonomy":"post_tag","embeddable":true,"href":"https:\/\/blogsaverroes.juntadeandalucia.es\/ceipvirgendeloreto\/wp-json\/wp\/v2\/tags?post=2887"}],"curies":[{"name":"wp","href":"https:\/\/api.w.org\/{rel}","templated":true}]}}