{"id":2892,"date":"2021-04-26T10:54:30","date_gmt":"2021-04-26T08:54:30","guid":{"rendered":"https:\/\/blogsaverroes.juntadeandalucia.es\/ceipvirgendelosremedios\/?p=2892"},"modified":"2021-05-12T12:04:51","modified_gmt":"2021-05-12T10:04:51","slug":"programa-ada","status":"publish","type":"post","link":"https:\/\/blogsaverroes.juntadeandalucia.es\/ceipvirgendelosremedios\/2021\/04\/26\/programa-ada\/","title":{"rendered":"Programa ADA"},"content":{"rendered":"<div dir=\"auto\">Hace unos meses nos seleccionaron para participar en el programa ADA que promueve el Ministerio de Igualdad. Este programa de iniciaci\u00f3n a la tecnolog\u00eda tiene el objetivo de incentivar la presencia de ni\u00f1as y j\u00f3venes en las ramas de estudio tecnol\u00f3gicas y contribuir a ampliar la presencia de las mujeres en las carreras tecnol\u00f3gicas en general y en el \u00e1mbito de las TIC en particular.<\/div>\n<div dir=\"auto\">En el d\u00eda de hoy, el tercer ciclo ha realizado actividades de iniciaci\u00f3n a la tecnolog\u00eda presentando la vida de Ada Byron como hilo conductor en el desarrollo de las actividades en las que se busca romper con los estereotipos de g\u00e9nero, fomentando la participaci\u00f3n y el empoderamiento de las ni\u00f1as en el uso de las tecnolog\u00edas.<\/div>\n<div dir=\"auto\">ngg_shortcode_0_placeholder<\/div>\n","protected":false},"excerpt":{"rendered":"<p>Hace unos meses nos seleccionaron para participar en el programa ADA que promueve el Ministerio de Igualdad. Este programa de iniciaci\u00f3n a la tecnolog\u00eda tiene el objetivo de incentivar la presencia de ni\u00f1as y&#46;&#46;&#46;<\/p>\n","protected":false},"author":8162,"featured_media":2893,"comment_status":"open","ping_status":"open","sticky":false,"template":"","format":"standard","meta":{"ngg_post_thumbnail":0,"footnotes":""},"categories":[2208659],"tags":[2208662,2208663,3253,2208664],"aioseo_notices":[],"_links":{"self":[{"href":"https:\/\/blogsaverroes.juntadeandalucia.es\/ceipvirgendelosremedios\/wp-json\/wp\/v2\/posts\/2892"}],"collection":[{"href":"https:\/\/blogsaverroes.juntadeandalucia.es\/ceipvirgendelosremedios\/wp-json\/wp\/v2\/posts"}],"about":[{"href":"https:\/\/blogsaverroes.juntadeandalucia.es\/ceipvirgendelosremedios\/wp-json\/wp\/v2\/types\/post"}],"author":[{"embeddable":true,"href":"https:\/\/blogsaverroes.juntadeandalucia.es\/ceipvirgendelosremedios\/wp-json\/wp\/v2\/users\/8162"}],"replies":[{"embeddable":true,"href":"https:\/\/blogsaverroes.juntadeandalucia.es\/ceipvirgendelosremedios\/wp-json\/wp\/v2\/comments?post=2892"}],"version-history":[{"count":2,"href":"https:\/\/blogsaverroes.juntadeandalucia.es\/ceipvirgendelosremedios\/wp-json\/wp\/v2\/posts\/2892\/revisions"}],"predecessor-version":[{"id":2895,"href":"https:\/\/blogsaverroes.juntadeandalucia.es\/ceipvirgendelosremedios\/wp-json\/wp\/v2\/posts\/2892\/revisions\/2895"}],"wp:featuredmedia":[{"embeddable":true,"href":"https:\/\/blogsaverroes.juntadeandalucia.es\/ceipvirgendelosremedios\/wp-json\/wp\/v2\/media\/2893"}],"wp:attachment":[{"href":"https:\/\/blogsaverroes.juntadeandalucia.es\/ceipvirgendelosremedios\/wp-json\/wp\/v2\/media?parent=2892"}],"wp:term":[{"taxonomy":"category","embeddable":true,"href":"https:\/\/blogsaverroes.juntadeandalucia.es\/ceipvirgendelosremedios\/wp-json\/wp\/v2\/categories?post=2892"},{"taxonomy":"post_tag","embeddable":true,"href":"https:\/\/blogsaverroes.juntadeandalucia.es\/ceipvirgendelosremedios\/wp-json\/wp\/v2\/tags?post=2892"}],"curies":[{"name":"wp","href":"https:\/\/api.w.org\/{rel}","templated":true}]}}