{"id":1495,"date":"2024-03-07T10:10:00","date_gmt":"2024-03-07T10:10:00","guid":{"rendered":""},"modified":"2024-03-12T20:09:22","modified_gmt":"2024-03-12T20:09:22","slug":"programa-aprende-a-sonreir-2","status":"publish","type":"post","link":"https:\/\/blogsaverroes.juntadeandalucia.es\/ceipvirgendelrio\/2024\/03\/07\/programa-aprende-a-sonreir-2\/","title":{"rendered":"PROGRAMA APRENDE A SONREIR"},"content":{"rendered":"<p>&nbsp;El alumnado de 1\u00baA,1\u00baB, 6\u00baA y 6\u00ba B participa en este programa de salud bucodental :<\/p>\n<p>_Charla de promoci\u00f3n de salud bucodental .<\/p>\n<p>-Exploraci\u00f3n bucodental ( alumnado autorizado )<\/p>\n<p>En&nbsp; la actividad participan&nbsp; : Do\u00f1a Carlota Ballesta,Do\u00f1a Rosa M\u00aa Casanova y Do\u00f1a Mar\u00eda Rodr\u00edguez Nieto.<\/p>\n<p>&nbsp;&nbsp;&nbsp;&nbsp;&nbsp;&nbsp;&nbsp;&nbsp;&nbsp;&nbsp;&nbsp;&nbsp;&nbsp;&nbsp;&nbsp;&nbsp;&nbsp;&nbsp;&nbsp;&nbsp;&nbsp;&nbsp;&nbsp;&nbsp;&nbsp;&nbsp;&nbsp;&nbsp;&nbsp;&nbsp;&nbsp;&nbsp;&nbsp;&nbsp;&nbsp;&nbsp;&nbsp;&nbsp;&nbsp;&nbsp;&nbsp;&nbsp;&nbsp;&nbsp;&nbsp;&nbsp;&nbsp;&nbsp;&nbsp;&nbsp;&nbsp;&nbsp;&nbsp;&nbsp;&nbsp;&nbsp;&nbsp;&nbsp;&nbsp;&nbsp;<b>&nbsp; PRIMER&nbsp; CICLO <\/b><\/p>\n<div style=\"clear: both;text-align: center\"><a href=\"https:\/\/blogsaverroes.juntadeandalucia.es\/ceipvirgendelrio\/files\/2024\/03\/WhatsApp-20Image-202024-03-07-20at-2010.23.27.jpeg\" style=\"margin-left: 1em;margin-right: 1em\"><img loading=\"lazy\" decoding=\"async\" border=\"0\" data-original-height=\"899\" data-original-width=\"1599\" height=\"180\" src=\"https:\/\/blogsaverroes.juntadeandalucia.es\/ceipvirgendelrio\/files\/2024\/03\/WhatsApp-20Image-202024-03-07-20at-2010.23.27-300x169.jpeg\" width=\"320\" \/><\/a><\/div>\n<p><\/p>\n<div style=\"clear: both;text-align: center\"><a href=\"https:\/\/blogsaverroes.juntadeandalucia.es\/ceipvirgendelrio\/files\/2024\/03\/WhatsApp-20Image-202024-03-07-20at-2010.23.40.jpeg\" style=\"margin-left: 1em;margin-right: 1em\"><img loading=\"lazy\" decoding=\"async\" border=\"0\" data-original-height=\"899\" data-original-width=\"1599\" height=\"180\" src=\"https:\/\/blogsaverroes.juntadeandalucia.es\/ceipvirgendelrio\/files\/2024\/03\/WhatsApp-20Image-202024-03-07-20at-2010.23.40-300x169.jpeg\" width=\"320\" \/><\/a><\/div>\n<p><\/p>\n<div style=\"clear: both;text-align: center\"><a href=\"https:\/\/blogsaverroes.juntadeandalucia.es\/ceipvirgendelrio\/files\/2024\/03\/WhatsApp-20Image-202024-03-07-20at-2010.24.00.jpeg\" style=\"margin-left: 1em;margin-right: 1em\"><img loading=\"lazy\" decoding=\"async\" border=\"0\" data-original-height=\"899\" data-original-width=\"1599\" height=\"180\" src=\"https:\/\/blogsaverroes.juntadeandalucia.es\/ceipvirgendelrio\/files\/2024\/03\/WhatsApp-20Image-202024-03-07-20at-2010.24.00-300x169.jpeg\" width=\"320\" \/><\/a><\/div>\n<p><\/p>\n<div style=\"clear: both;text-align: center\"><a href=\"https:\/\/blogsaverroes.juntadeandalucia.es\/ceipvirgendelrio\/files\/2024\/03\/WhatsApp-20Image-202024-03-07-20at-2010.26.31.jpeg\" style=\"margin-left: 1em;margin-right: 1em\"><img loading=\"lazy\" decoding=\"async\" border=\"0\" data-original-height=\"1599\" data-original-width=\"899\" height=\"320\" src=\"https:\/\/blogsaverroes.juntadeandalucia.es\/ceipvirgendelrio\/files\/2024\/03\/WhatsApp-20Image-202024-03-07-20at-2010.26.31-169x300.jpeg\" width=\"180\" \/><\/a><\/div>\n<p><\/p>\n<div style=\"clear: both;text-align: center\"><a href=\"https:\/\/blogsaverroes.juntadeandalucia.es\/ceipvirgendelrio\/files\/2024\/03\/WhatsApp-20Image-202024-03-07-20at-2010.27.06.jpeg\" style=\"margin-left: 1em;margin-right: 1em\"><img loading=\"lazy\" decoding=\"async\" border=\"0\" data-original-height=\"1599\" data-original-width=\"899\" height=\"320\" src=\"https:\/\/blogsaverroes.juntadeandalucia.es\/ceipvirgendelrio\/files\/2024\/03\/WhatsApp-20Image-202024-03-07-20at-2010.27.06-169x300.jpeg\" width=\"180\" \/><\/a><\/div>\n<p><\/p>\n<div style=\"clear: both;text-align: center\"><a href=\"https:\/\/blogsaverroes.juntadeandalucia.es\/ceipvirgendelrio\/files\/2024\/03\/WhatsApp-20Image-202024-03-07-20at-2010.28.13.jpeg\" style=\"margin-left: 1em;margin-right: 1em\"><img loading=\"lazy\" decoding=\"async\" border=\"0\" data-original-height=\"1599\" data-original-width=\"899\" height=\"320\" src=\"https:\/\/blogsaverroes.juntadeandalucia.es\/ceipvirgendelrio\/files\/2024\/03\/WhatsApp-20Image-202024-03-07-20at-2010.28.13-169x300.jpeg\" width=\"180\" \/><\/a><\/div>\n<p><\/p>\n<p>&nbsp; &nbsp; &nbsp;&nbsp; &nbsp;&nbsp;&nbsp; &nbsp;&nbsp;&nbsp; &nbsp;&nbsp;&nbsp; &nbsp;&nbsp;&nbsp; &nbsp;&nbsp;&nbsp; &nbsp;&nbsp;&nbsp; &nbsp;&nbsp;&nbsp; &nbsp;&nbsp;<b>&nbsp; &nbsp;<\/b><b>TERCER CICLO (6\u00baA&nbsp; &nbsp;y&nbsp; &nbsp; &nbsp; 6\u00baB)<\/b><\/p>\n<p><b><br \/><\/b><\/p>\n<\/p>\n<div style=\"clear: both;text-align: center\"><a href=\"https:\/\/blogsaverroes.juntadeandalucia.es\/ceipvirgendelrio\/files\/2024\/03\/WhatsApp-20Image-202024-03-07-20at-2011.22.42-20-1-.jpeg\" style=\"margin-left: 1em;margin-right: 1em\"><img loading=\"lazy\" decoding=\"async\" border=\"0\" data-original-height=\"1200\" data-original-width=\"1600\" height=\"240\" src=\"https:\/\/blogsaverroes.juntadeandalucia.es\/ceipvirgendelrio\/files\/2024\/03\/WhatsApp-20Image-202024-03-07-20at-2011.22.42-20-1--300x225.jpeg\" width=\"320\" \/><\/a><\/div>\n<p><\/p>\n<div style=\"clear: both;text-align: center\"><a href=\"https:\/\/blogsaverroes.juntadeandalucia.es\/ceipvirgendelrio\/files\/2024\/03\/WhatsApp-20Image-202024-03-07-20at-2011.22.42.jpeg\" style=\"margin-left: 1em;margin-right: 1em\"><img loading=\"lazy\" decoding=\"async\" border=\"0\" data-original-height=\"1200\" data-original-width=\"1600\" height=\"240\" src=\"https:\/\/blogsaverroes.juntadeandalucia.es\/ceipvirgendelrio\/files\/2024\/03\/WhatsApp-20Image-202024-03-07-20at-2011.22.42-300x225.jpeg\" width=\"320\" \/><\/a><\/div>\n<p><\/p>\n<div style=\"clear: both;text-align: center\"><a href=\"https:\/\/blogsaverroes.juntadeandalucia.es\/ceipvirgendelrio\/files\/2024\/03\/WhatsApp-20Image-202024-03-07-20at-2011.22.43-20-1-.jpeg\" style=\"margin-left: 1em;margin-right: 1em\"><img loading=\"lazy\" decoding=\"async\" border=\"0\" data-original-height=\"1600\" data-original-width=\"1200\" height=\"320\" src=\"https:\/\/blogsaverroes.juntadeandalucia.es\/ceipvirgendelrio\/files\/2024\/03\/WhatsApp-20Image-202024-03-07-20at-2011.22.43-20-1--225x300.jpeg\" width=\"240\" \/><\/a><\/div>\n<p><\/p>\n<div style=\"clear: both;text-align: center\"><a href=\"https:\/\/blogsaverroes.juntadeandalucia.es\/ceipvirgendelrio\/files\/2024\/03\/WhatsApp-20Image-202024-03-07-20at-2011.22.43-20-2-.jpeg\" style=\"margin-left: 1em;margin-right: 1em\"><img loading=\"lazy\" decoding=\"async\" border=\"0\" data-original-height=\"1200\" data-original-width=\"1600\" height=\"240\" src=\"https:\/\/blogsaverroes.juntadeandalucia.es\/ceipvirgendelrio\/files\/2024\/03\/WhatsApp-20Image-202024-03-07-20at-2011.22.43-20-2--300x225.jpeg\" width=\"320\" \/><\/a><\/div>\n<p><\/p>\n<div style=\"clear: both;text-align: center\"><a href=\"https:\/\/blogsaverroes.juntadeandalucia.es\/ceipvirgendelrio\/files\/2024\/03\/WhatsApp-20Image-202024-03-07-20at-2011.22.43-20-3-.jpeg\" style=\"margin-left: 1em;margin-right: 1em\"><img loading=\"lazy\" decoding=\"async\" border=\"0\" data-original-height=\"1200\" data-original-width=\"1600\" height=\"240\" src=\"https:\/\/blogsaverroes.juntadeandalucia.es\/ceipvirgendelrio\/files\/2024\/03\/WhatsApp-20Image-202024-03-07-20at-2011.22.43-20-3--300x225.jpeg\" width=\"320\" \/><\/a><\/div>\n<p><\/p>\n<div style=\"clear: both;text-align: center\"><a href=\"https:\/\/blogsaverroes.juntadeandalucia.es\/ceipvirgendelrio\/files\/2024\/03\/WhatsApp-20Image-202024-03-07-20at-2011.22.43-20-4-.jpeg\" style=\"margin-left: 1em;margin-right: 1em\"><img loading=\"lazy\" decoding=\"async\" border=\"0\" data-original-height=\"1200\" data-original-width=\"1600\" height=\"240\" src=\"https:\/\/blogsaverroes.juntadeandalucia.es\/ceipvirgendelrio\/files\/2024\/03\/WhatsApp-20Image-202024-03-07-20at-2011.22.43-20-4--300x225.jpeg\" width=\"320\" \/><\/a><\/div>\n<p><\/p>\n<div style=\"clear: both;text-align: center\"><a href=\"https:\/\/blogsaverroes.juntadeandalucia.es\/ceipvirgendelrio\/files\/2024\/03\/WhatsApp-20Image-202024-03-07-20at-2011.22.43-20-5-.jpeg\" style=\"margin-left: 1em;margin-right: 1em\"><img loading=\"lazy\" decoding=\"async\" border=\"0\" data-original-height=\"1600\" data-original-width=\"1200\" height=\"320\" src=\"https:\/\/blogsaverroes.juntadeandalucia.es\/ceipvirgendelrio\/files\/2024\/03\/WhatsApp-20Image-202024-03-07-20at-2011.22.43-20-5--225x300.jpeg\" width=\"240\" \/><\/a><\/div>\n<p><\/p>\n<div style=\"clear: both;text-align: center\"><\/div>\n<p><\/p>\n<div style=\"clear: both;text-align: center\"><a href=\"https:\/\/blogsaverroes.juntadeandalucia.es\/ceipvirgendelrio\/files\/2024\/03\/WhatsApp-20Image-202024-03-07-20at-2011.29.09-20-1-.jpeg\" style=\"margin-left: 1em;margin-right: 1em\"><img loading=\"lazy\" decoding=\"async\" border=\"0\" data-original-height=\"2088\" data-original-width=\"4640\" height=\"144\" src=\"https:\/\/blogsaverroes.juntadeandalucia.es\/ceipvirgendelrio\/files\/2024\/03\/WhatsApp-20Image-202024-03-07-20at-2011.29.09-20-1--300x135.jpeg\" width=\"320\" \/><\/a><\/div>\n<p><\/p>\n<div style=\"clear: both;text-align: center\"><a href=\"https:\/\/blogsaverroes.juntadeandalucia.es\/ceipvirgendelrio\/files\/2024\/03\/WhatsApp-20Image-202024-03-07-20at-2011.29.09-20-2-.jpeg\" style=\"margin-left: 1em;margin-right: 1em\"><img loading=\"lazy\" decoding=\"async\" border=\"0\" data-original-height=\"4640\" data-original-width=\"2088\" height=\"320\" src=\"https:\/\/blogsaverroes.juntadeandalucia.es\/ceipvirgendelrio\/files\/2024\/03\/WhatsApp-20Image-202024-03-07-20at-2011.29.09-20-2--135x300.jpeg\" width=\"144\" \/><\/a><\/div>\n<p><\/p>\n<div style=\"clear: both;text-align: center\"><a href=\"https:\/\/blogsaverroes.juntadeandalucia.es\/ceipvirgendelrio\/files\/2024\/03\/WhatsApp-20Image-202024-03-07-20at-2011.29.09.jpeg\" style=\"margin-left: 1em;margin-right: 1em\"><img loading=\"lazy\" decoding=\"async\" border=\"0\" data-original-height=\"4640\" data-original-width=\"2088\" height=\"320\" src=\"https:\/\/blogsaverroes.juntadeandalucia.es\/ceipvirgendelrio\/files\/2024\/03\/WhatsApp-20Image-202024-03-07-20at-2011.29.09-135x300.jpeg\" width=\"144\" \/><\/a><\/div>\n<p><\/p>\n<div style=\"clear: both;text-align: center\"><a href=\"https:\/\/blogsaverroes.juntadeandalucia.es\/ceipvirgendelrio\/files\/2024\/03\/WhatsApp-20Image-202024-03-07-20at-2016.12.34-20-1-.jpeg\" style=\"margin-left: 1em;margin-right: 1em\"><img loading=\"lazy\" decoding=\"async\" border=\"0\" data-original-height=\"1537\" data-original-width=\"2048\" height=\"240\" src=\"https:\/\/blogsaverroes.juntadeandalucia.es\/ceipvirgendelrio\/files\/2024\/03\/WhatsApp-20Image-202024-03-07-20at-2016.12.34-20-1--300x225.jpeg\" width=\"320\" \/><\/a><\/div>\n<p><\/p>\n<div style=\"clear: both;text-align: center\"><a href=\"https:\/\/blogsaverroes.juntadeandalucia.es\/ceipvirgendelrio\/files\/2024\/03\/WhatsApp-20Image-202024-03-07-20at-2016.12.34-20-2-.jpeg\" style=\"margin-left: 1em;margin-right: 1em\"><img loading=\"lazy\" decoding=\"async\" border=\"0\" data-original-height=\"1537\" data-original-width=\"2048\" height=\"240\" src=\"https:\/\/blogsaverroes.juntadeandalucia.es\/ceipvirgendelrio\/files\/2024\/03\/WhatsApp-20Image-202024-03-07-20at-2016.12.34-20-2--300x225.jpeg\" width=\"320\" \/><\/a><\/div>\n<p><\/p>\n<div style=\"clear: both;text-align: center\"><a href=\"https:\/\/blogsaverroes.juntadeandalucia.es\/ceipvirgendelrio\/files\/2024\/03\/WhatsApp-20Image-202024-03-07-20at-2016.12.34.jpeg\" style=\"margin-left: 1em;margin-right: 1em\"><img loading=\"lazy\" decoding=\"async\" border=\"0\" data-original-height=\"1537\" data-original-width=\"2048\" height=\"240\" src=\"https:\/\/blogsaverroes.juntadeandalucia.es\/ceipvirgendelrio\/files\/2024\/03\/WhatsApp-20Image-202024-03-07-20at-2016.12.34-300x225.jpeg\" width=\"320\" \/><\/a><\/div>\n<p><b><br \/><\/b><\/p>\n<p><b><br \/><\/b><\/p>\n<p><b><br \/><\/b><\/p>\n","protected":false},"excerpt":{"rendered":"<p>&nbsp;El alumnado de 1\u00baA,1\u00baB, 6\u00baA y 6\u00ba B participa en este programa de salud bucodental : _Charla de promoci\u00f3n de salud bucodental . -Exploraci\u00f3n bucodental ( alumnado autorizado ) En&nbsp; la actividad participan&nbsp; :&#46;&#46;&#46;<\/p>\n","protected":false},"author":11298,"featured_media":1543,"comment_status":"open","ping_status":"open","sticky":false,"template":"","format":"standard","meta":{"ngg_post_thumbnail":0,"footnotes":""},"categories":[29],"tags":[],"aioseo_notices":[],"_links":{"self":[{"href":"https:\/\/blogsaverroes.juntadeandalucia.es\/ceipvirgendelrio\/wp-json\/wp\/v2\/posts\/1495"}],"collection":[{"href":"https:\/\/blogsaverroes.juntadeandalucia.es\/ceipvirgendelrio\/wp-json\/wp\/v2\/posts"}],"about":[{"href":"https:\/\/blogsaverroes.juntadeandalucia.es\/ceipvirgendelrio\/wp-json\/wp\/v2\/types\/post"}],"author":[{"embeddable":true,"href":"https:\/\/blogsaverroes.juntadeandalucia.es\/ceipvirgendelrio\/wp-json\/wp\/v2\/users\/11298"}],"replies":[{"embeddable":true,"href":"https:\/\/blogsaverroes.juntadeandalucia.es\/ceipvirgendelrio\/wp-json\/wp\/v2\/comments?post=1495"}],"version-history":[{"count":1,"href":"https:\/\/blogsaverroes.juntadeandalucia.es\/ceipvirgendelrio\/wp-json\/wp\/v2\/posts\/1495\/revisions"}],"predecessor-version":[{"id":1562,"href":"https:\/\/blogsaverroes.juntadeandalucia.es\/ceipvirgendelrio\/wp-json\/wp\/v2\/posts\/1495\/revisions\/1562"}],"wp:featuredmedia":[{"embeddable":true,"href":"https:\/\/blogsaverroes.juntadeandalucia.es\/ceipvirgendelrio\/wp-json\/wp\/v2\/media\/1543"}],"wp:attachment":[{"href":"https:\/\/blogsaverroes.juntadeandalucia.es\/ceipvirgendelrio\/wp-json\/wp\/v2\/media?parent=1495"}],"wp:term":[{"taxonomy":"category","embeddable":true,"href":"https:\/\/blogsaverroes.juntadeandalucia.es\/ceipvirgendelrio\/wp-json\/wp\/v2\/categories?post=1495"},{"taxonomy":"post_tag","embeddable":true,"href":"https:\/\/blogsaverroes.juntadeandalucia.es\/ceipvirgendelrio\/wp-json\/wp\/v2\/tags?post=1495"}],"curies":[{"name":"wp","href":"https:\/\/api.w.org\/{rel}","templated":true}]}}