{"id":1299,"date":"2025-11-17T13:35:12","date_gmt":"2025-11-17T12:35:12","guid":{"rendered":"https:\/\/blogsaverroes.juntadeandalucia.es\/ceipvirgendelrocio\/?p=1299"},"modified":"2025-11-18T12:41:07","modified_gmt":"2025-11-18T11:41:07","slug":"dia-de-la-fruta","status":"publish","type":"post","link":"https:\/\/blogsaverroes.juntadeandalucia.es\/ceipvirgendelrocio\/dia-de-la-fruta\/","title":{"rendered":"D\u00eda de la fruta"},"content":{"rendered":"<p>El pasado 26 de octubre celebramos el D\u00eda de la Fruta en nuestro cole, dentro de las actividades del Plan de consumo de frutas de la Junta de Andalucia. Nuestro alumnado pudo comer diferentes variedades de fruta (pl\u00e1tano, manzana, pera, ciruela) disfrutando as\u00ed de un recreo s\u00faper saludable!!<\/p>\n<p><img loading=\"lazy\" decoding=\"async\" class=\"alignnone size-medium wp-image-1315\" src=\"https:\/\/blogsaverroes.juntadeandalucia.es\/ceipvirgendelrocio\/files\/2025\/11\/Screenshot_3-225x300.jpg\" alt=\"\" width=\"225\" height=\"300\"> <img loading=\"lazy\" decoding=\"async\" class=\"alignnone size-medium wp-image-1316\" src=\"https:\/\/blogsaverroes.juntadeandalucia.es\/ceipvirgendelrocio\/files\/2025\/11\/Screenshot_2-300x223.jpg\" alt=\"\" width=\"300\" height=\"223\"> <img loading=\"lazy\" decoding=\"async\" class=\"alignnone size-medium wp-image-1314\" src=\"https:\/\/blogsaverroes.juntadeandalucia.es\/ceipvirgendelrocio\/files\/2025\/11\/Screenshot_4-300x205.jpg\" alt=\"\" width=\"300\" height=\"205\"><\/p>\n","protected":false},"excerpt":{"rendered":"<p>El pasado 26 de octubre celebramos el D\u00eda de la Fruta en nuestro cole, dentro de las actividades del Plan de consumo de frutas de la Junta de Andalucia. Nuestro alumnado pudo comer diferentes variedades de fruta (pl\u00e1tano, manzana, pera, ciruela) disfrutando as\u00ed de un recreo s\u00faper saludable!!<\/p>\n","protected":false},"author":1491,"featured_media":1322,"comment_status":"closed","ping_status":"open","sticky":false,"template":"","format":"standard","meta":{"_et_pb_use_builder":"","_et_pb_old_content":"","_et_gb_content_width":"","ngg_post_thumbnail":0,"footnotes":""},"categories":[3,4],"tags":[14,12,16,15],"aioseo_notices":[],"_links":{"self":[{"href":"https:\/\/blogsaverroes.juntadeandalucia.es\/ceipvirgendelrocio\/wp-json\/wp\/v2\/posts\/1299"}],"collection":[{"href":"https:\/\/blogsaverroes.juntadeandalucia.es\/ceipvirgendelrocio\/wp-json\/wp\/v2\/posts"}],"about":[{"href":"https:\/\/blogsaverroes.juntadeandalucia.es\/ceipvirgendelrocio\/wp-json\/wp\/v2\/types\/post"}],"author":[{"embeddable":true,"href":"https:\/\/blogsaverroes.juntadeandalucia.es\/ceipvirgendelrocio\/wp-json\/wp\/v2\/users\/1491"}],"replies":[{"embeddable":true,"href":"https:\/\/blogsaverroes.juntadeandalucia.es\/ceipvirgendelrocio\/wp-json\/wp\/v2\/comments?post=1299"}],"version-history":[{"count":5,"href":"https:\/\/blogsaverroes.juntadeandalucia.es\/ceipvirgendelrocio\/wp-json\/wp\/v2\/posts\/1299\/revisions"}],"predecessor-version":[{"id":1321,"href":"https:\/\/blogsaverroes.juntadeandalucia.es\/ceipvirgendelrocio\/wp-json\/wp\/v2\/posts\/1299\/revisions\/1321"}],"wp:featuredmedia":[{"embeddable":true,"href":"https:\/\/blogsaverroes.juntadeandalucia.es\/ceipvirgendelrocio\/wp-json\/wp\/v2\/media\/1322"}],"wp:attachment":[{"href":"https:\/\/blogsaverroes.juntadeandalucia.es\/ceipvirgendelrocio\/wp-json\/wp\/v2\/media?parent=1299"}],"wp:term":[{"taxonomy":"category","embeddable":true,"href":"https:\/\/blogsaverroes.juntadeandalucia.es\/ceipvirgendelrocio\/wp-json\/wp\/v2\/categories?post=1299"},{"taxonomy":"post_tag","embeddable":true,"href":"https:\/\/blogsaverroes.juntadeandalucia.es\/ceipvirgendelrocio\/wp-json\/wp\/v2\/tags?post=1299"}],"curies":[{"name":"wp","href":"https:\/\/api.w.org\/{rel}","templated":true}]}}