{"id":338,"date":"2024-12-20T13:00:20","date_gmt":"2024-12-20T12:00:20","guid":{"rendered":"http:\/\/blogsaverroes.juntadeandalucia.es\/pre\/nuevoceipv2\/?p=338"},"modified":"2024-12-20T13:30:40","modified_gmt":"2024-12-20T12:30:40","slug":"fiestadenavidad","status":"publish","type":"post","link":"https:\/\/blogsaverroes.juntadeandalucia.es\/ceipvirgendelrocio\/fiestadenavidad\/","title":{"rendered":"Y lleg\u00f3 la Navidad"},"content":{"rendered":"<div style=\"width: 1080px;\" class=\"wp-video\"><!--[if lt IE 9]><script>document.createElement('video');<\/script><![endif]-->\n<video class=\"wp-video-shortcode\" id=\"video-338-1\" width=\"1080\" height=\"608\" preload=\"metadata\" controls=\"controls\"><source type=\"video\/mp4\" src=\"https:\/\/blogsaverroes.juntadeandalucia.es\/ceipvirgendelrocio\/files\/2024\/12\/20241220_115745-1.mp4?_=1\" \/><a href=\"https:\/\/blogsaverroes.juntadeandalucia.es\/ceipvirgendelrocio\/files\/2024\/12\/20241220_115745-1.mp4\">https:\/\/blogsaverroes.juntadeandalucia.es\/ceipvirgendelrocio\/files\/2024\/12\/20241220_115745-1.mp4<\/a><\/video><\/div>\n<p>&nbsp;<\/p>\n<p>Nuestro colegio despidi\u00f3 el a\u00f1o con la tradicional Fiesta de Navidad, donde nos visitaron sus majestades Los Reyes Magos de Oriente, a los que deleitamos con unos villancicos por niveles que prepar\u00f3 la maestra Carmen, acompa\u00f1ada por los diferentes tutores\/as. A lo largo de la jornada, nuestros ni\u00f1os y ni\u00f1as disfrutaron de desayunos comunes y fiestas por clase, celebrando el final del trimestre m\u00e1s largo y la llegada de las vacaciones.<\/p>\n<p>Para ver m\u00e1s fotos, visita nuestra p\u00e1gina de <span style=\"font-size: 12pt\"><strong><a href=\"https:\/\/www.facebook.com\/ceipvirgendelrocio.pilas\">Facebook<\/a><\/strong><\/span><\/p>\n<p>El Claustro de profesores y profesoras les desea unas felices fiestas a toda la comunidad educativa y que el a\u00f1o que viene se cumplan todos vuestros deseos \ud83d\ude09 Nos vemos el pr\u00f3ximo mi\u00e9rcoles 8 de enero de 2025!!<\/p>\n<p><img loading=\"lazy\" decoding=\"async\" class=\"alignnone size-medium wp-image-1253\" src=\"https:\/\/blogsaverroes.juntadeandalucia.es\/ceipvirgendelrocio\/files\/2024\/12\/20241220_114653-300x139.jpg\" alt=\"\" width=\"300\" height=\"139\"> &nbsp;<img loading=\"lazy\" decoding=\"async\" class=\"alignnone size-medium wp-image-1255\" src=\"https:\/\/blogsaverroes.juntadeandalucia.es\/ceipvirgendelrocio\/files\/2024\/12\/20241220_122630-300x139.jpg\" alt=\"\" width=\"300\" height=\"139\"> <img loading=\"lazy\" decoding=\"async\" class=\"alignnone size-medium wp-image-1252\" src=\"https:\/\/blogsaverroes.juntadeandalucia.es\/ceipvirgendelrocio\/files\/2024\/12\/20241220_124635-300x139.jpg\" alt=\"\" width=\"300\" height=\"139\"><\/p>\n","protected":false},"excerpt":{"rendered":"<p>&nbsp; Nuestro colegio despidi\u00f3 el a\u00f1o con la tradicional Fiesta de Navidad, donde nos visitaron sus majestades Los Reyes Magos de Oriente, a los que deleitamos con unos villancicos por niveles que prepar\u00f3 la maestra Carmen, acompa\u00f1ada por los diferentes tutores\/as. A lo largo de la jornada, nuestros ni\u00f1os y ni\u00f1as disfrutaron de desayunos comunes [&hellip;]<\/p>\n","protected":false},"author":7051,"featured_media":1254,"comment_status":"closed","ping_status":"open","sticky":false,"template":"","format":"standard","meta":{"_et_pb_use_builder":"","_et_pb_old_content":"","_et_gb_content_width":"","ngg_post_thumbnail":0,"footnotes":""},"categories":[3,4],"tags":[],"aioseo_notices":[],"_links":{"self":[{"href":"https:\/\/blogsaverroes.juntadeandalucia.es\/ceipvirgendelrocio\/wp-json\/wp\/v2\/posts\/338"}],"collection":[{"href":"https:\/\/blogsaverroes.juntadeandalucia.es\/ceipvirgendelrocio\/wp-json\/wp\/v2\/posts"}],"about":[{"href":"https:\/\/blogsaverroes.juntadeandalucia.es\/ceipvirgendelrocio\/wp-json\/wp\/v2\/types\/post"}],"author":[{"embeddable":true,"href":"https:\/\/blogsaverroes.juntadeandalucia.es\/ceipvirgendelrocio\/wp-json\/wp\/v2\/users\/7051"}],"replies":[{"embeddable":true,"href":"https:\/\/blogsaverroes.juntadeandalucia.es\/ceipvirgendelrocio\/wp-json\/wp\/v2\/comments?post=338"}],"version-history":[{"count":8,"href":"https:\/\/blogsaverroes.juntadeandalucia.es\/ceipvirgendelrocio\/wp-json\/wp\/v2\/posts\/338\/revisions"}],"predecessor-version":[{"id":1258,"href":"https:\/\/blogsaverroes.juntadeandalucia.es\/ceipvirgendelrocio\/wp-json\/wp\/v2\/posts\/338\/revisions\/1258"}],"wp:featuredmedia":[{"embeddable":true,"href":"https:\/\/blogsaverroes.juntadeandalucia.es\/ceipvirgendelrocio\/wp-json\/wp\/v2\/media\/1254"}],"wp:attachment":[{"href":"https:\/\/blogsaverroes.juntadeandalucia.es\/ceipvirgendelrocio\/wp-json\/wp\/v2\/media?parent=338"}],"wp:term":[{"taxonomy":"category","embeddable":true,"href":"https:\/\/blogsaverroes.juntadeandalucia.es\/ceipvirgendelrocio\/wp-json\/wp\/v2\/categories?post=338"},{"taxonomy":"post_tag","embeddable":true,"href":"https:\/\/blogsaverroes.juntadeandalucia.es\/ceipvirgendelrocio\/wp-json\/wp\/v2\/tags?post=338"}],"curies":[{"name":"wp","href":"https:\/\/api.w.org\/{rel}","templated":true}]}}