{"id":340,"date":"2024-12-03T16:28:08","date_gmt":"2024-12-03T15:28:08","guid":{"rendered":"http:\/\/blogsaverroes.juntadeandalucia.es\/pre\/nuevoceipv2\/?p=340"},"modified":"2024-12-20T09:15:24","modified_gmt":"2024-12-20T08:15:24","slug":"diadiscapacidad","status":"publish","type":"post","link":"https:\/\/blogsaverroes.juntadeandalucia.es\/ceipvirgendelrocio\/diadiscapacidad\/","title":{"rendered":"D\u00eda de la Discapacidad"},"content":{"rendered":"<p><img loading=\"lazy\" decoding=\"async\" class=\"alignnone wp-image-1196\" src=\"https:\/\/blogsaverroes.juntadeandalucia.es\/ceipvirgendelrocio\/files\/2020\/02\/recreos-inclusivos4-300x158.jpg\" alt=\"\" width=\"283\" height=\"149\"> <img loading=\"lazy\" decoding=\"async\" class=\"alignnone wp-image-1193\" src=\"https:\/\/blogsaverroes.juntadeandalucia.es\/ceipvirgendelrocio\/files\/2020\/02\/recreos-inclusivos2-300x169.jpg\" alt=\"\" width=\"264\" height=\"149\">&nbsp;<img loading=\"lazy\" decoding=\"async\" class=\"alignnone wp-image-1192\" src=\"https:\/\/blogsaverroes.juntadeandalucia.es\/ceipvirgendelrocio\/files\/2020\/02\/recreos-inclusivos3-300x225.jpg\" alt=\"\" width=\"198\" height=\"149\"> &nbsp;&nbsp;<\/p>\n<p>El 3 de diciembre es el <strong>D\u00eda Internacional de las personas con Discapacidad<\/strong> y nuestro recreo se ha convertido en un gran encuentro de amigos y amigas jugando a multitud de juegos populares. Enmarcado dentro de nuestro programa CIMA, organizado por la Se\u00f1o Beatriz y la Se\u00f1o Vicky, y con la ayuda de todo el profesorado, nuestro alumnado se lo ha pasado s\u00faper bien con los juegos de toda la vida. El resultado final han sido unos murales donde todos y todas han dejado su huella de colores bajo el lema \u201cQue todos seamos diferentes es lo m\u00e1s normal\u201d.<\/p>\n<p>Para ver m\u00e1s fotos, visita nuestra p\u00e1gina de <span style=\"font-size: 12pt\"><strong><a href=\"https:\/\/www.facebook.com\/ceipvirgendelrocio.pilas\">Facebook<\/a><\/strong><\/span><\/p>\n","protected":false},"excerpt":{"rendered":"<p>&nbsp; &nbsp;&nbsp; El 3 de diciembre es el D\u00eda Internacional de las personas con Discapacidad y nuestro recreo se ha convertido en un gran encuentro de amigos y amigas jugando a multitud de juegos populares. Enmarcado dentro de nuestro programa CIMA, organizado por la Se\u00f1o Beatriz y la Se\u00f1o Vicky, y con la ayuda de [&hellip;]<\/p>\n","protected":false},"author":7051,"featured_media":1247,"comment_status":"closed","ping_status":"open","sticky":false,"template":"","format":"standard","meta":{"_et_pb_use_builder":"","_et_pb_old_content":"","_et_gb_content_width":"","ngg_post_thumbnail":0,"footnotes":""},"categories":[3,4],"tags":[],"aioseo_notices":[],"_links":{"self":[{"href":"https:\/\/blogsaverroes.juntadeandalucia.es\/ceipvirgendelrocio\/wp-json\/wp\/v2\/posts\/340"}],"collection":[{"href":"https:\/\/blogsaverroes.juntadeandalucia.es\/ceipvirgendelrocio\/wp-json\/wp\/v2\/posts"}],"about":[{"href":"https:\/\/blogsaverroes.juntadeandalucia.es\/ceipvirgendelrocio\/wp-json\/wp\/v2\/types\/post"}],"author":[{"embeddable":true,"href":"https:\/\/blogsaverroes.juntadeandalucia.es\/ceipvirgendelrocio\/wp-json\/wp\/v2\/users\/7051"}],"replies":[{"embeddable":true,"href":"https:\/\/blogsaverroes.juntadeandalucia.es\/ceipvirgendelrocio\/wp-json\/wp\/v2\/comments?post=340"}],"version-history":[{"count":5,"href":"https:\/\/blogsaverroes.juntadeandalucia.es\/ceipvirgendelrocio\/wp-json\/wp\/v2\/posts\/340\/revisions"}],"predecessor-version":[{"id":1248,"href":"https:\/\/blogsaverroes.juntadeandalucia.es\/ceipvirgendelrocio\/wp-json\/wp\/v2\/posts\/340\/revisions\/1248"}],"wp:featuredmedia":[{"embeddable":true,"href":"https:\/\/blogsaverroes.juntadeandalucia.es\/ceipvirgendelrocio\/wp-json\/wp\/v2\/media\/1247"}],"wp:attachment":[{"href":"https:\/\/blogsaverroes.juntadeandalucia.es\/ceipvirgendelrocio\/wp-json\/wp\/v2\/media?parent=340"}],"wp:term":[{"taxonomy":"category","embeddable":true,"href":"https:\/\/blogsaverroes.juntadeandalucia.es\/ceipvirgendelrocio\/wp-json\/wp\/v2\/categories?post=340"},{"taxonomy":"post_tag","embeddable":true,"href":"https:\/\/blogsaverroes.juntadeandalucia.es\/ceipvirgendelrocio\/wp-json\/wp\/v2\/tags?post=340"}],"curies":[{"name":"wp","href":"https:\/\/api.w.org\/{rel}","templated":true}]}}