{"id":2923,"date":"2021-06-16T08:40:30","date_gmt":"2021-06-16T08:40:30","guid":{"rendered":"https:\/\/blogsaverroes.juntadeandalucia.es\/ceipvistaalegre\/?p=2923"},"modified":"2021-06-16T11:57:15","modified_gmt":"2021-06-16T11:57:15","slug":"refuerzos-covid-2020-2021","status":"publish","type":"post","link":"https:\/\/blogsaverroes.juntadeandalucia.es\/ceipvistaalegre\/refuerzos-covid-2020-2021\/","title":{"rendered":"Refuerzos COVID 2020\/2021"},"content":{"rendered":"<p>Desde nuestro centro queremos agradecer el enorme esfuerzo que han puesto nuestros compa\u00f1eros de refuerzo COVID19, que formaron parte de un plan de inversi\u00f3n de la Junta de Andaluc\u00eda con fondos de la UE, para poder hacer frente a la situaci\u00f3n extraordinaria de la pandemia. Un enorme abrazo a todos\/as los que lo han hecho posible.<\/p>\n<p><a href=\"https:\/\/blogsaverroes.juntadeandalucia.es\/ceipvistaalegre\/files\/2021\/06\/Cartel-Refuerzos-COVID19.png\"><img loading=\"lazy\" decoding=\"async\" class=\"alignnone size-full wp-image-2924\" src=\"https:\/\/blogsaverroes.juntadeandalucia.es\/ceipvistaalegre\/files\/2021\/06\/Cartel-Refuerzos-COVID19.png\" alt=\"\" width=\"797\" height=\"559\" srcset=\"https:\/\/blogsaverroes.juntadeandalucia.es\/ceipvistaalegre\/files\/2021\/06\/Cartel-Refuerzos-COVID19.png 797w, https:\/\/blogsaverroes.juntadeandalucia.es\/ceipvistaalegre\/files\/2021\/06\/Cartel-Refuerzos-COVID19-300x210.png 300w, https:\/\/blogsaverroes.juntadeandalucia.es\/ceipvistaalegre\/files\/2021\/06\/Cartel-Refuerzos-COVID19-768x539.png 768w\" sizes=\"(max-width: 797px) 100vw, 797px\" \/><\/a><\/p>\n","protected":false},"excerpt":{"rendered":"<p>Desde nuestro centro queremos agradecer el enorme esfuerzo que han puesto nuestros compa\u00f1eros de refuerzo COVID19, que formaron parte de un plan de inversi\u00f3n de&hellip;<\/p>\n","protected":false},"author":3443,"featured_media":2924,"comment_status":"open","ping_status":"open","sticky":false,"template":"","format":"standard","meta":{"ngg_post_thumbnail":0,"footnotes":""},"categories":[526],"tags":[],"aioseo_notices":[],"_links":{"self":[{"href":"https:\/\/blogsaverroes.juntadeandalucia.es\/ceipvistaalegre\/wp-json\/wp\/v2\/posts\/2923"}],"collection":[{"href":"https:\/\/blogsaverroes.juntadeandalucia.es\/ceipvistaalegre\/wp-json\/wp\/v2\/posts"}],"about":[{"href":"https:\/\/blogsaverroes.juntadeandalucia.es\/ceipvistaalegre\/wp-json\/wp\/v2\/types\/post"}],"author":[{"embeddable":true,"href":"https:\/\/blogsaverroes.juntadeandalucia.es\/ceipvistaalegre\/wp-json\/wp\/v2\/users\/3443"}],"replies":[{"embeddable":true,"href":"https:\/\/blogsaverroes.juntadeandalucia.es\/ceipvistaalegre\/wp-json\/wp\/v2\/comments?post=2923"}],"version-history":[{"count":1,"href":"https:\/\/blogsaverroes.juntadeandalucia.es\/ceipvistaalegre\/wp-json\/wp\/v2\/posts\/2923\/revisions"}],"predecessor-version":[{"id":2925,"href":"https:\/\/blogsaverroes.juntadeandalucia.es\/ceipvistaalegre\/wp-json\/wp\/v2\/posts\/2923\/revisions\/2925"}],"wp:featuredmedia":[{"embeddable":true,"href":"https:\/\/blogsaverroes.juntadeandalucia.es\/ceipvistaalegre\/wp-json\/wp\/v2\/media\/2924"}],"wp:attachment":[{"href":"https:\/\/blogsaverroes.juntadeandalucia.es\/ceipvistaalegre\/wp-json\/wp\/v2\/media?parent=2923"}],"wp:term":[{"taxonomy":"category","embeddable":true,"href":"https:\/\/blogsaverroes.juntadeandalucia.es\/ceipvistaalegre\/wp-json\/wp\/v2\/categories?post=2923"},{"taxonomy":"post_tag","embeddable":true,"href":"https:\/\/blogsaverroes.juntadeandalucia.es\/ceipvistaalegre\/wp-json\/wp\/v2\/tags?post=2923"}],"curies":[{"name":"wp","href":"https:\/\/api.w.org\/{rel}","templated":true}]}}