{"id":2994,"date":"2021-12-17T12:39:27","date_gmt":"2021-12-17T12:39:27","guid":{"rendered":"https:\/\/blogsaverroes.juntadeandalucia.es\/ceipvistaalegre\/?p=2994"},"modified":"2021-12-17T12:41:19","modified_gmt":"2021-12-17T12:41:19","slug":"navidad-solidaria","status":"publish","type":"post","link":"https:\/\/blogsaverroes.juntadeandalucia.es\/ceipvistaalegre\/navidad-solidaria\/","title":{"rendered":"Navidad solidaria"},"content":{"rendered":"<p>ngg_shortcode_0_placeholderComo cada a\u00f1o, nuestro centro procura que la Navidad tenga un componente de solidaridad y cooperaci\u00f3n con las personas y los pueblos que m\u00e1s lo necesitan. Para empezar se ha realizado la cl\u00e1sica campa\u00f1a del kilo de alimentos con C\u00c1RITAS, durante el mes de diciembre. En estos \u00faltimos d\u00edas, se ha incoporado otra campa\u00f1a solidaria a trav\u00e9s de un simp\u00e1tico servilletero navide\u00f1o hecho por los propios ni\u00f1os. Con una aportaci\u00f3n solidaria -la que cada cual pueda- podremos ayudar a que muchas personas puedan tener una Navidad y un a\u00f1o 2022 algo m\u00e1s pr\u00f3spero.<\/p>\n<p>Todas las donaciones obtenidas de los servilleteros se enviar\u00e1n a la reconstrucci\u00f3n de las zonas afectadas por el volc\u00e1n de la isla de la Palma. A\u00fan podemos participar.<\/p>\n<p>Desde el CEIP Vista Alegre os deseamos unas felices fiestas y un pr\u00f3spero a\u00f1o 2021.<\/p>\n","protected":false},"excerpt":{"rendered":"<p>Como cada a\u00f1o, nuestro centro procura que la Navidad tenga un componente de solidaridad y cooperaci\u00f3n con las personas y los pueblos que m\u00e1s lo&hellip;<\/p>\n","protected":false},"author":3443,"featured_media":3000,"comment_status":"open","ping_status":"open","sticky":false,"template":"","format":"standard","meta":{"ngg_post_thumbnail":0,"footnotes":""},"categories":[307390,526],"tags":[],"aioseo_notices":[],"_links":{"self":[{"href":"https:\/\/blogsaverroes.juntadeandalucia.es\/ceipvistaalegre\/wp-json\/wp\/v2\/posts\/2994"}],"collection":[{"href":"https:\/\/blogsaverroes.juntadeandalucia.es\/ceipvistaalegre\/wp-json\/wp\/v2\/posts"}],"about":[{"href":"https:\/\/blogsaverroes.juntadeandalucia.es\/ceipvistaalegre\/wp-json\/wp\/v2\/types\/post"}],"author":[{"embeddable":true,"href":"https:\/\/blogsaverroes.juntadeandalucia.es\/ceipvistaalegre\/wp-json\/wp\/v2\/users\/3443"}],"replies":[{"embeddable":true,"href":"https:\/\/blogsaverroes.juntadeandalucia.es\/ceipvistaalegre\/wp-json\/wp\/v2\/comments?post=2994"}],"version-history":[{"count":1,"href":"https:\/\/blogsaverroes.juntadeandalucia.es\/ceipvistaalegre\/wp-json\/wp\/v2\/posts\/2994\/revisions"}],"predecessor-version":[{"id":3001,"href":"https:\/\/blogsaverroes.juntadeandalucia.es\/ceipvistaalegre\/wp-json\/wp\/v2\/posts\/2994\/revisions\/3001"}],"wp:featuredmedia":[{"embeddable":true,"href":"https:\/\/blogsaverroes.juntadeandalucia.es\/ceipvistaalegre\/wp-json\/wp\/v2\/media\/3000"}],"wp:attachment":[{"href":"https:\/\/blogsaverroes.juntadeandalucia.es\/ceipvistaalegre\/wp-json\/wp\/v2\/media?parent=2994"}],"wp:term":[{"taxonomy":"category","embeddable":true,"href":"https:\/\/blogsaverroes.juntadeandalucia.es\/ceipvistaalegre\/wp-json\/wp\/v2\/categories?post=2994"},{"taxonomy":"post_tag","embeddable":true,"href":"https:\/\/blogsaverroes.juntadeandalucia.es\/ceipvistaalegre\/wp-json\/wp\/v2\/tags?post=2994"}],"curies":[{"name":"wp","href":"https:\/\/api.w.org\/{rel}","templated":true}]}}