{"id":3030,"date":"2022-03-02T12:58:06","date_gmt":"2022-03-02T12:58:06","guid":{"rendered":"https:\/\/blogsaverroes.juntadeandalucia.es\/ceipvistaalegre\/?p=3030"},"modified":"2022-03-02T12:58:06","modified_gmt":"2022-03-02T12:58:06","slug":"concedida-el-aula-matinal-para-el-curso-2022-2023","status":"publish","type":"post","link":"https:\/\/blogsaverroes.juntadeandalucia.es\/ceipvistaalegre\/concedida-el-aula-matinal-para-el-curso-2022-2023\/","title":{"rendered":"Concedida el aula matinal para el curso 2022-2023"},"content":{"rendered":"<p><a href=\"https:\/\/blogsaverroes.juntadeandalucia.es\/ceipvistaalegre\/files\/2022\/03\/Aula-matinal.jpg\"><img loading=\"lazy\" decoding=\"async\" class=\"alignnone size-full wp-image-3031\" src=\"https:\/\/blogsaverroes.juntadeandalucia.es\/ceipvistaalegre\/files\/2022\/03\/Aula-matinal.jpg\" alt=\"\" width=\"257\" height=\"196\"><\/a><\/p>\n<p>Estamos de enhorabuena. Tras muchos a\u00f1os de solicitud y espera, el CEIP Vista Alegre ha sido dotado de aula matinal para el pr\u00f3ximo curso 2022-2023. Este servicio tiene como objetivo la conciliaci\u00f3n laboral de las familias, y consiste en la atenci\u00f3n del alumnado en horario de 7:30-9:00 de la ma\u00f1ana desarrollado por una empresa especializada.<\/p>\n<p>La solicitud de uso del servicio ser\u00e1 del 1-10 de junio, con un m\u00e1ximo de 30 plazas.<\/p>\n<p>&nbsp;<\/p>\n","protected":false},"excerpt":{"rendered":"<p>Estamos de enhorabuena. Tras muchos a\u00f1os de solicitud y espera, el CEIP Vista Alegre ha sido dotado de aula matinal para el pr\u00f3ximo curso 2022-2023.&hellip;<\/p>\n","protected":false},"author":3443,"featured_media":3031,"comment_status":"open","ping_status":"open","sticky":false,"template":"","format":"standard","meta":{"ngg_post_thumbnail":0,"footnotes":""},"categories":[307390,526],"tags":[],"aioseo_notices":[],"_links":{"self":[{"href":"https:\/\/blogsaverroes.juntadeandalucia.es\/ceipvistaalegre\/wp-json\/wp\/v2\/posts\/3030"}],"collection":[{"href":"https:\/\/blogsaverroes.juntadeandalucia.es\/ceipvistaalegre\/wp-json\/wp\/v2\/posts"}],"about":[{"href":"https:\/\/blogsaverroes.juntadeandalucia.es\/ceipvistaalegre\/wp-json\/wp\/v2\/types\/post"}],"author":[{"embeddable":true,"href":"https:\/\/blogsaverroes.juntadeandalucia.es\/ceipvistaalegre\/wp-json\/wp\/v2\/users\/3443"}],"replies":[{"embeddable":true,"href":"https:\/\/blogsaverroes.juntadeandalucia.es\/ceipvistaalegre\/wp-json\/wp\/v2\/comments?post=3030"}],"version-history":[{"count":1,"href":"https:\/\/blogsaverroes.juntadeandalucia.es\/ceipvistaalegre\/wp-json\/wp\/v2\/posts\/3030\/revisions"}],"predecessor-version":[{"id":3032,"href":"https:\/\/blogsaverroes.juntadeandalucia.es\/ceipvistaalegre\/wp-json\/wp\/v2\/posts\/3030\/revisions\/3032"}],"wp:featuredmedia":[{"embeddable":true,"href":"https:\/\/blogsaverroes.juntadeandalucia.es\/ceipvistaalegre\/wp-json\/wp\/v2\/media\/3031"}],"wp:attachment":[{"href":"https:\/\/blogsaverroes.juntadeandalucia.es\/ceipvistaalegre\/wp-json\/wp\/v2\/media?parent=3030"}],"wp:term":[{"taxonomy":"category","embeddable":true,"href":"https:\/\/blogsaverroes.juntadeandalucia.es\/ceipvistaalegre\/wp-json\/wp\/v2\/categories?post=3030"},{"taxonomy":"post_tag","embeddable":true,"href":"https:\/\/blogsaverroes.juntadeandalucia.es\/ceipvistaalegre\/wp-json\/wp\/v2\/tags?post=3030"}],"curies":[{"name":"wp","href":"https:\/\/api.w.org\/{rel}","templated":true}]}}