{"id":3112,"date":"2022-05-17T13:50:15","date_gmt":"2022-05-17T11:50:15","guid":{"rendered":"https:\/\/blogsaverroes.juntadeandalucia.es\/ceipvistaalegre\/?p=3112"},"modified":"2022-05-17T13:56:37","modified_gmt":"2022-05-17T11:56:37","slug":"portafolios-de-escritura","status":"publish","type":"post","link":"https:\/\/blogsaverroes.juntadeandalucia.es\/ceipvistaalegre\/portafolios-de-escritura\/","title":{"rendered":"Portafolios de escritura"},"content":{"rendered":"<div id='gallery-1' class='gallery galleryid-3112 gallery-columns-3 gallery-size-thumbnail'><figure class='gallery-item'>\n\t\t\t<div class='gallery-icon portrait'>\n\t\t\t\t<a href='https:\/\/blogsaverroes.juntadeandalucia.es\/ceipvistaalegre\/files\/2022\/05\/6\u00ba-Primaria.png'><img loading=\"lazy\" decoding=\"async\" width=\"150\" height=\"150\" src=\"https:\/\/blogsaverroes.juntadeandalucia.es\/ceipvistaalegre\/files\/2022\/05\/6\u00ba-Primaria-150x150.png\" class=\"attachment-thumbnail size-thumbnail\" alt=\"\" \/><\/a>\n\t\t\t<\/div><\/figure><figure class='gallery-item'>\n\t\t\t<div class='gallery-icon portrait'>\n\t\t\t\t<a href='https:\/\/blogsaverroes.juntadeandalucia.es\/ceipvistaalegre\/files\/2022\/05\/Portada-5\u00ba.png'><img loading=\"lazy\" decoding=\"async\" width=\"150\" height=\"150\" src=\"https:\/\/blogsaverroes.juntadeandalucia.es\/ceipvistaalegre\/files\/2022\/05\/Portada-5\u00ba-150x150.png\" class=\"attachment-thumbnail size-thumbnail\" alt=\"\" \/><\/a>\n\t\t\t<\/div><\/figure><figure class='gallery-item'>\n\t\t\t<div class='gallery-icon portrait'>\n\t\t\t\t<a href='https:\/\/blogsaverroes.juntadeandalucia.es\/ceipvistaalegre\/files\/2022\/05\/Portada-4\u00ba.png'><img loading=\"lazy\" decoding=\"async\" width=\"150\" height=\"150\" src=\"https:\/\/blogsaverroes.juntadeandalucia.es\/ceipvistaalegre\/files\/2022\/05\/Portada-4\u00ba-150x150.png\" class=\"attachment-thumbnail size-thumbnail\" alt=\"\" \/><\/a>\n\t\t\t<\/div><\/figure><figure class='gallery-item'>\n\t\t\t<div class='gallery-icon portrait'>\n\t\t\t\t<a href='https:\/\/blogsaverroes.juntadeandalucia.es\/ceipvistaalegre\/files\/2022\/05\/Portada-3\u00ba.png'><img loading=\"lazy\" decoding=\"async\" width=\"150\" height=\"150\" src=\"https:\/\/blogsaverroes.juntadeandalucia.es\/ceipvistaalegre\/files\/2022\/05\/Portada-3\u00ba-150x150.png\" class=\"attachment-thumbnail size-thumbnail\" alt=\"\" \/><\/a>\n\t\t\t<\/div><\/figure><figure class='gallery-item'>\n\t\t\t<div class='gallery-icon portrait'>\n\t\t\t\t<a href='https:\/\/blogsaverroes.juntadeandalucia.es\/ceipvistaalegre\/files\/2022\/05\/Portada-2\u00ba.png'><img loading=\"lazy\" decoding=\"async\" width=\"150\" height=\"150\" src=\"https:\/\/blogsaverroes.juntadeandalucia.es\/ceipvistaalegre\/files\/2022\/05\/Portada-2\u00ba-150x150.png\" class=\"attachment-thumbnail size-thumbnail\" alt=\"\" \/><\/a>\n\t\t\t<\/div><\/figure><figure class='gallery-item'>\n\t\t\t<div class='gallery-icon portrait'>\n\t\t\t\t<a href='https:\/\/blogsaverroes.juntadeandalucia.es\/ceipvistaalegre\/files\/2022\/05\/Portada-1\u00ba.png'><img loading=\"lazy\" decoding=\"async\" width=\"150\" height=\"150\" src=\"https:\/\/blogsaverroes.juntadeandalucia.es\/ceipvistaalegre\/files\/2022\/05\/Portada-1\u00ba-150x150.png\" class=\"attachment-thumbnail size-thumbnail\" alt=\"\" \/><\/a>\n\t\t\t<\/div><\/figure>\n\t\t<\/div>\n\n<p>Desde el CEIP Vista Alegre tratamos de hacer un esfuerzo por poner en valor el maravilloso trabajo que cada d\u00eda hacen posible alumnado y profesorado, a trav\u00e9s de los proyectos. A veces, es complicado poder reflejar todas las actividades que se realizan, la motivaci\u00f3n que genera en el alumnado, los enormes aprendizajes tanto de herramientas como de conceptos y contenidos&#8230; Pero una buena forma de hacerlo es revisando los portafolios de escritura de cada uno de los proyectos. Cada alumno\/a realiza unos 6-7 proyectos graduados por edad desde Infantil hasta 6\u00ba de Primaria. Ese trabajo se guarda en la Biblioteca, o se devuelve al alumnado para que vayan observando sus avances. Pero adem\u00e1s, queremos haceros part\u00edcipes de esos avances a trav\u00e9s de la digitalizaci\u00f3n de los mismos. Por ello, estamos en proceso de archivo y digitalizaci\u00f3n de muchos ejemplos de los proyectos realizados. Este archivo ir\u00e1 aumentando poco a poco hasta convertirlo en una verdadera biblioteca de proyectos.<\/p>\n<p>Por ahora, hemos querido iniciar una muestra de los mismos (especialmente del proyecto hist\u00f3rico de este a\u00f1o \u00abLa Pepa 1812\u00bb, que pod\u00e9is ver y disfrutar a trav\u00e9s de la ruta en nuestro men\u00fa: Modelos Pedag\u00f3gicos\/ABP\/Biblioteca de Proyectos. Tambi\u00e9n pod\u00e9is acceder con el siguiente enlace:<\/p>\n<blockquote class=\"wp-embedded-content\" data-secret=\"8yAA42reqL\"><p><a href=\"https:\/\/blogsaverroes.juntadeandalucia.es\/ceipvistaalegre\/biblioteca-de-proyectos\/\">Biblioteca de proyectos<\/a><\/p><\/blockquote>\n<p><iframe class=\"wp-embedded-content\" sandbox=\"allow-scripts\" security=\"restricted\" style=\"position: absolute; clip: rect(1px, 1px, 1px, 1px);\" title=\"\u00abBiblioteca de proyectos\u00bb \u2014 CEIP VISTA ALEGRE\" src=\"https:\/\/blogsaverroes.juntadeandalucia.es\/ceipvistaalegre\/biblioteca-de-proyectos\/embed\/#?secret=nsqqHt2OCj#?secret=8yAA42reqL\" data-secret=\"8yAA42reqL\" width=\"600\" height=\"338\" frameborder=\"0\" marginwidth=\"0\" marginheight=\"0\" scrolling=\"no\"><\/iframe><\/p>\n","protected":false},"excerpt":{"rendered":"<p>Desde el CEIP Vista Alegre tratamos de hacer un esfuerzo por poner en valor el maravilloso trabajo que cada d\u00eda hacen posible alumnado y profesorado,&hellip;<\/p>\n","protected":false},"author":3443,"featured_media":3095,"comment_status":"open","ping_status":"open","sticky":false,"template":"","format":"standard","meta":{"ngg_post_thumbnail":0,"footnotes":""},"categories":[307390],"tags":[],"aioseo_notices":[],"_links":{"self":[{"href":"https:\/\/blogsaverroes.juntadeandalucia.es\/ceipvistaalegre\/wp-json\/wp\/v2\/posts\/3112"}],"collection":[{"href":"https:\/\/blogsaverroes.juntadeandalucia.es\/ceipvistaalegre\/wp-json\/wp\/v2\/posts"}],"about":[{"href":"https:\/\/blogsaverroes.juntadeandalucia.es\/ceipvistaalegre\/wp-json\/wp\/v2\/types\/post"}],"author":[{"embeddable":true,"href":"https:\/\/blogsaverroes.juntadeandalucia.es\/ceipvistaalegre\/wp-json\/wp\/v2\/users\/3443"}],"replies":[{"embeddable":true,"href":"https:\/\/blogsaverroes.juntadeandalucia.es\/ceipvistaalegre\/wp-json\/wp\/v2\/comments?post=3112"}],"version-history":[{"count":7,"href":"https:\/\/blogsaverroes.juntadeandalucia.es\/ceipvistaalegre\/wp-json\/wp\/v2\/posts\/3112\/revisions"}],"predecessor-version":[{"id":3119,"href":"https:\/\/blogsaverroes.juntadeandalucia.es\/ceipvistaalegre\/wp-json\/wp\/v2\/posts\/3112\/revisions\/3119"}],"wp:featuredmedia":[{"embeddable":true,"href":"https:\/\/blogsaverroes.juntadeandalucia.es\/ceipvistaalegre\/wp-json\/wp\/v2\/media\/3095"}],"wp:attachment":[{"href":"https:\/\/blogsaverroes.juntadeandalucia.es\/ceipvistaalegre\/wp-json\/wp\/v2\/media?parent=3112"}],"wp:term":[{"taxonomy":"category","embeddable":true,"href":"https:\/\/blogsaverroes.juntadeandalucia.es\/ceipvistaalegre\/wp-json\/wp\/v2\/categories?post=3112"},{"taxonomy":"post_tag","embeddable":true,"href":"https:\/\/blogsaverroes.juntadeandalucia.es\/ceipvistaalegre\/wp-json\/wp\/v2\/tags?post=3112"}],"curies":[{"name":"wp","href":"https:\/\/api.w.org\/{rel}","templated":true}]}}