{"id":3234,"date":"2023-03-16T10:26:44","date_gmt":"2023-03-16T08:26:44","guid":{"rendered":"https:\/\/blogsaverroes.juntadeandalucia.es\/ceipvistaalegre\/?p=3234"},"modified":"2023-03-16T10:26:44","modified_gmt":"2023-03-16T08:26:44","slug":"3234-2","status":"publish","type":"post","link":"https:\/\/blogsaverroes.juntadeandalucia.es\/ceipvistaalegre\/3234-2\/","title":{"rendered":""},"content":{"rendered":"<p><strong>ACTIVIDADES PARA LA CELEBRACI\u00d3N DEL D\u00cdA MUNDIAL DEL S\u00cdNDROME DE DOWN<\/strong><\/p>\n<p><img loading=\"lazy\" decoding=\"async\" class=\"wp-image-3235 alignleft\" src=\"https:\/\/blogsaverroes.juntadeandalucia.es\/ceipvistaalegre\/files\/2023\/03\/S\u00edndome-de-Down.jpg\" alt=\"\" width=\"340\" height=\"226\"><\/p>\n<p>Con motivo del D\u00eda Mundial del s\u00edndrome de Down, el pr\u00f3ximo martes 21 de marzo, el CEIP Vista Alegre ofrecer\u00e1 actividades que sirvan para la concienciaci\u00f3n y la sensibilizaci\u00f3n del alumnado hacia el respeto a la diversidad de las personas. Entre esas actividades, hay una en la que necesitamos la colaboraci\u00f3n de todas las familias:<\/p>\n<p>Animamos a todo nuestro alumnado, profesorado y familias, el martes 21 de marzo, a traer <strong>calcetines desparejados<\/strong>. Esta es una campa\u00f1a que se viene promoviendo desde muchas asociaciones e instituciones pues ha servido para concienciar sobre la diversidad y la igualdad de las personas. Todo empez\u00f3 en 2018, cuando Chloe Lennon, una ni\u00f1a brit\u00e1nica, quiso que todos sus compa\u00f1eros del colegio apoyaran la diversidad con un gesto muy sencillo pero cargado de simbolismo: pidi\u00f3 que, al d\u00eda siguiente, todos llevasen un calcet\u00edn de cada color. Era el 21 de marzo de ese a\u00f1o y en aquella escuela acababa de nacer un movimiento que recorrer\u00eda el mundo entero. Su objetivo no era otro que el de <strong>promover la importancia de la igualdad entre todos\/as<\/strong> <strong>por muy diferentes que seamos<\/strong>, dando a entender adem\u00e1s, que t<strong>odas las personas, alg\u00fan d\u00eda, tambi\u00e9n podemos llevar calcetines desparejados<\/strong>.<\/p>\n<p>Cualquier calcet\u00edn sirve, y cuanto m\u00e1s coloridos y diferentes, mejor.&nbsp;<\/p>\n<p>\u00a1PARTICIPA!<\/p>\n","protected":false},"excerpt":{"rendered":"<p>ACTIVIDADES PARA LA CELEBRACI\u00d3N DEL D\u00cdA MUNDIAL DEL S\u00cdNDROME DE DOWN Con motivo del D\u00eda Mundial del s\u00edndrome de Down, el pr\u00f3ximo martes 21 de&hellip;<\/p>\n","protected":false},"author":3443,"featured_media":3235,"comment_status":"open","ping_status":"open","sticky":false,"template":"","format":"standard","meta":{"ngg_post_thumbnail":0,"footnotes":""},"categories":[307390,526],"tags":[],"aioseo_notices":[],"_links":{"self":[{"href":"https:\/\/blogsaverroes.juntadeandalucia.es\/ceipvistaalegre\/wp-json\/wp\/v2\/posts\/3234"}],"collection":[{"href":"https:\/\/blogsaverroes.juntadeandalucia.es\/ceipvistaalegre\/wp-json\/wp\/v2\/posts"}],"about":[{"href":"https:\/\/blogsaverroes.juntadeandalucia.es\/ceipvistaalegre\/wp-json\/wp\/v2\/types\/post"}],"author":[{"embeddable":true,"href":"https:\/\/blogsaverroes.juntadeandalucia.es\/ceipvistaalegre\/wp-json\/wp\/v2\/users\/3443"}],"replies":[{"embeddable":true,"href":"https:\/\/blogsaverroes.juntadeandalucia.es\/ceipvistaalegre\/wp-json\/wp\/v2\/comments?post=3234"}],"version-history":[{"count":1,"href":"https:\/\/blogsaverroes.juntadeandalucia.es\/ceipvistaalegre\/wp-json\/wp\/v2\/posts\/3234\/revisions"}],"predecessor-version":[{"id":3236,"href":"https:\/\/blogsaverroes.juntadeandalucia.es\/ceipvistaalegre\/wp-json\/wp\/v2\/posts\/3234\/revisions\/3236"}],"wp:featuredmedia":[{"embeddable":true,"href":"https:\/\/blogsaverroes.juntadeandalucia.es\/ceipvistaalegre\/wp-json\/wp\/v2\/media\/3235"}],"wp:attachment":[{"href":"https:\/\/blogsaverroes.juntadeandalucia.es\/ceipvistaalegre\/wp-json\/wp\/v2\/media?parent=3234"}],"wp:term":[{"taxonomy":"category","embeddable":true,"href":"https:\/\/blogsaverroes.juntadeandalucia.es\/ceipvistaalegre\/wp-json\/wp\/v2\/categories?post=3234"},{"taxonomy":"post_tag","embeddable":true,"href":"https:\/\/blogsaverroes.juntadeandalucia.es\/ceipvistaalegre\/wp-json\/wp\/v2\/tags?post=3234"}],"curies":[{"name":"wp","href":"https:\/\/api.w.org\/{rel}","templated":true}]}}